{"id":35328,"date":"2024-02-20T12:38:23","date_gmt":"2024-02-20T11:38:23","guid":{"rendered":"https:\/\/fifo.ch\/?p=35328"},"modified":"2024-02-25T20:07:03","modified_gmt":"2024-02-25T19:07:03","slug":"bulgarie-stara-zagora-2024","status":"publish","type":"post","link":"https:\/\/fifo.ch\/en\/bulgarie-stara-zagora-2024\/","title":{"rendered":"Bulgaria (Stara Zagora)"},"content":{"rendered":"<p>[et_pb_section fb_built=\u00a0\u00bb1&Prime; fullwidth=\u00a0\u00bbon\u00a0\u00bb _builder_version=\u00a0\u00bb4.16&Prime; _module_preset=\u00a0\u00bbdefault\u00a0\u00bb global_colors_info=\u00a0\u00bb{}\u00a0\u00bb][et_pb_fullwidth_header title=\u00a0\u00bbBulgarie (Stara Zagora)\u00a0\u00bb subhead=\u00a0\u00bbRepresentative folklore ensemble Nastroenie &#8211; Stara Zagora\u00a0\u00bb header_scroll_down=\u00a0\u00bbon\u00a0\u00bb scroll_down_icon=\u00a0\u00bb%%8%%\u00a0\u00bb scroll_down_icon_color=\u00a0\u00bb#ec008c\u00a0\u00bb button_one_text=\u00a0\u00bbFacebook\u00a0\u00bb button_one_url=\u00a0\u00bbhttps:\/\/www.facebook.com\/profile.php?id=100086059960785&Prime; button_two_text=\u00a0\u00bbInstagram\u00a0\u00bb button_two_url=\u00a0\u00bbhttps:\/\/www.instagram.com\/ensemble_nastroenie\/\u00a0\u00bb header_image_url=\u00a0\u00bbhttps:\/\/fifo.ch\/wp-content\/uploads\/2024\/02\/FIFO-2024-bulgarie-danseur-decoupe.png\u00a0\u00bb disabled_on=\u00a0\u00bbon|on|off\u00a0\u00bb _builder_version=\u00a0\u00bb4.24.1&Prime; _module_preset=\u00a0\u00bbdefault\u00a0\u00bb title_font=\u00a0\u00bb|700|||||||\u00a0\u00bb title_text_color=\u00a0\u00bb#ec008c\u00a0\u00bb title_font_size=\u00a0\u00bb38px\u00a0\u00bb title_letter_spacing=\u00a0\u00bb5px\u00a0\u00bb content_font=\u00a0\u00bb||||||||\u00a0\u00bb content_letter_spacing=\u00a0\u00bb5px\u00a0\u00bb subhead_font=\u00a0\u00bb||on|||on|||\u00a0\u00bb subhead_font_size=\u00a0\u00bb23px\u00a0\u00bb subhead_letter_spacing=\u00a0\u00bb6px\u00a0\u00bb subhead_line_height=\u00a0\u00bb2em\u00a0\u00bb background_color=\u00a0\u00bb#FFFFFF\u00a0\u00bb background_image=\u00a0\u00bbhttps:\/\/fifo.ch\/wp-content\/uploads\/2024\/02\/FIFO-2024-Photo-Bulgarie-2024_007.png\u00a0\u00bb background_position=\u00a0\u00bbtop_center\u00a0\u00bb custom_button_one=\u00a0\u00bbon\u00a0\u00bb button_one_text_size=\u00a0\u00bb30px\u00a0\u00bb button_one_text_color=\u00a0\u00bb#FFFFFF\u00a0\u00bb button_one_font=\u00a0\u00bb||||||||\u00a0\u00bb button_one_icon=\u00a0\u00bb&#x35;||divi||400&Prime; button_one_icon_color=\u00a0\u00bb#ec008c\u00a0\u00bb custom_button_two=\u00a0\u00bbon\u00a0\u00bb button_two_text_size=\u00a0\u00bb30px\u00a0\u00bb button_two_text_color=\u00a0\u00bb#FFFFFF\u00a0\u00bb button_two_icon=\u00a0\u00bb&#x35;||divi||400&Prime; button_two_icon_color=\u00a0\u00bb#ec008c\u00a0\u00bb custom_padding=\u00a0\u00bb50px|||||\u00a0\u00bb link_option_url_new_window=\u00a0\u00bbon\u00a0\u00bb title_text_shadow_style=\u00a0\u00bbpreset2&Prime; title_text_shadow_blur_strength=\u00a0\u00bb0.26em\u00a0\u00bb title_text_shadow_color=\u00a0\u00bb#000000&Prime; content_text_shadow_style=\u00a0\u00bbpreset2&Prime; content_text_shadow_blur_strength=\u00a0\u00bb0.26em\u00a0\u00bb content_text_shadow_color=\u00a0\u00bb#000000&Prime; subhead_text_shadow_style=\u00a0\u00bbpreset2&Prime; subhead_text_shadow_blur_strength=\u00a0\u00bb0.26em\u00a0\u00bb subhead_text_shadow_color=\u00a0\u00bb#000000&Prime; locked=\u00a0\u00bboff\u00a0\u00bb global_colors_info=\u00a0\u00bb{}\u00a0\u00bb]<\/p>\n<p style=\"text-align: left;\"><span style=\"color: #ffffff;\"><span style=\"font-size: x-large;\">De Stara Zagora, ville au c\u0153ur de la Bulgarie, l&rsquo;ensemble folklorique repr\u00e9sentatif Nastroenie vous invite \u00e0 un voyage vibrant au c\u0153ur des traditions et de la culture bulgare.<br \/>\n<\/span><\/span><\/p>\n<p>[\/et_pb_fullwidth_header][et_pb_fullwidth_header title=\u00a0\u00bbBulgarie (Stara Zagora)\u00a0\u00bb subhead=\u00a0\u00bbRepresentative folklore ensemble Nastroenie &#8211; Stara Zagora\u00a0\u00bb header_scroll_down=\u00a0\u00bbon\u00a0\u00bb scroll_down_icon=\u00a0\u00bb%%8%%\u00a0\u00bb scroll_down_icon_color=\u00a0\u00bb#ec008c\u00a0\u00bb button_one_text=\u00a0\u00bbFacebook\u00a0\u00bb button_one_url=\u00a0\u00bbhttps:\/\/www.facebook.com\/profile.php?id=100086059960785&Prime; button_two_text=\u00a0\u00bbInstagram\u00a0\u00bb button_two_url=\u00a0\u00bbhttps:\/\/www.instagram.com\/ensemble_nastroenie\/\u00a0\u00bb logo_image_url=\u00a0\u00bbhttps:\/\/fifo.ch\/wp-content\/uploads\/2024\/02\/FIFO-2024-bulgarie-danseur-decoupe.png\u00a0\u00bb disabled_on=\u00a0\u00bboff|off|on\u00a0\u00bb _builder_version=\u00a0\u00bb4.24.1&Prime; _module_preset=\u00a0\u00bbdefault\u00a0\u00bb title_font=\u00a0\u00bb|700|||||||\u00a0\u00bb title_text_color=\u00a0\u00bb#ec008c\u00a0\u00bb title_font_size=\u00a0\u00bb38px\u00a0\u00bb title_letter_spacing=\u00a0\u00bb5px\u00a0\u00bb content_font=\u00a0\u00bb||||||||\u00a0\u00bb content_text_color=\u00a0\u00bb#ec008c\u00a0\u00bb content_letter_spacing=\u00a0\u00bb5px\u00a0\u00bb subhead_font=\u00a0\u00bb||on|||on|||\u00a0\u00bb subhead_text_color=\u00a0\u00bb#FFFFFF\u00a0\u00bb subhead_font_size=\u00a0\u00bb23px\u00a0\u00bb subhead_letter_spacing=\u00a0\u00bb6px\u00a0\u00bb subhead_line_height=\u00a0\u00bb3em\u00a0\u00bb background_color=\u00a0\u00bb#FFFFFF\u00a0\u00bb background_image=\u00a0\u00bbhttps:\/\/fifo.ch\/wp-content\/uploads\/2024\/02\/FIFO-2024-Photo-Bulgarie-2024_007.png\u00a0\u00bb custom_button_one=\u00a0\u00bbon\u00a0\u00bb button_one_text_size=\u00a0\u00bb30px\u00a0\u00bb button_one_text_color=\u00a0\u00bb#FFFFFF\u00a0\u00bb button_one_font=\u00a0\u00bb||||||||\u00a0\u00bb button_one_icon=\u00a0\u00bb&#x35;||divi||400&Prime; button_one_icon_color=\u00a0\u00bb#ec008c\u00a0\u00bb custom_button_two=\u00a0\u00bbon\u00a0\u00bb button_two_text_size=\u00a0\u00bb30px\u00a0\u00bb button_two_text_color=\u00a0\u00bb#FFFFFF\u00a0\u00bb button_two_icon=\u00a0\u00bb&#x35;||divi||400&Prime; button_two_icon_color=\u00a0\u00bb#ec008c\u00a0\u00bb custom_padding=\u00a0\u00bb50px|||||\u00a0\u00bb link_option_url_new_window=\u00a0\u00bbon\u00a0\u00bb title_text_shadow_style=\u00a0\u00bbpreset2&Prime; title_text_shadow_blur_strength=\u00a0\u00bb0.26em\u00a0\u00bb title_text_shadow_color=\u00a0\u00bb#000000&Prime; content_text_shadow_style=\u00a0\u00bbpreset2&Prime; content_text_shadow_blur_strength=\u00a0\u00bb0.26em\u00a0\u00bb content_text_shadow_color=\u00a0\u00bb#000000&Prime; subhead_text_shadow_style=\u00a0\u00bbpreset2&Prime; subhead_text_shadow_blur_strength=\u00a0\u00bb0.26em\u00a0\u00bb subhead_text_shadow_color=\u00a0\u00bb#000000&Prime; locked=\u00a0\u00bboff\u00a0\u00bb global_colors_info=\u00a0\u00bb{}\u00a0\u00bb]<\/p>\n<p style=\"text-align: left;\"><span style=\"color: #ffffff;\"><span style=\"font-size: x-large;\"> De Stara Zagora, ville au c\u0153ur de la Bulgarie, l&rsquo;ensemble folklorique repr\u00e9sentatif Nastroenie vous invite \u00e0 un voyage vibrant au c\u0153ur des traditions et de la culture bulgare.<br \/>\n<\/span><\/span><\/p>\n<p>[\/et_pb_fullwidth_header][\/et_pb_section][et_pb_section fb_built=\u00a0\u00bb1&Prime; specialty=\u00a0\u00bbon\u00a0\u00bb _builder_version=\u00a0\u00bb4.16&Prime; _module_preset=\u00a0\u00bbdefault\u00a0\u00bb bottom_divider_style=\u00a0\u00bbmountains2&Prime; bottom_divider_color=\u00a0\u00bb#ec008c\u00a0\u00bb bottom_divider_height=\u00a0\u00bb82px\u00a0\u00bb bottom_divider_flip=\u00a0\u00bbhorizontal\u00a0\u00bb locked=\u00a0\u00bboff\u00a0\u00bb global_colors_info=\u00a0\u00bb{}\u00a0\u00bb][et_pb_column type=\u00a0\u00bb1_2&Prime; _builder_version=\u00a0\u00bb4.16&Prime; custom_padding=\u00a0\u00bb|||\u00a0\u00bb global_colors_info=\u00a0\u00bb{}\u00a0\u00bb custom_padding__hover=\u00a0\u00bb|||\u00a0\u00bb][et_pb_text _builder_version=\u00a0\u00bb4.24.1&Prime; _module_preset=\u00a0\u00bbdefault\u00a0\u00bb text_letter_spacing=\u00a0\u00bb3px\u00a0\u00bb global_colors_info=\u00a0\u00bb{}\u00a0\u00bb]<\/p>\n<blockquote>\n<p style=\"text-align: left;\"><span style=\"font-size: large;\"><span> Fond\u00e9 en 2017, Nastroenie est une v\u00e9ritable institution, rassemblant des passionn\u00e9s de tous \u00e2ges qui partagent un amour profond pour le folklore bulgare. Au fil des ann\u00e9es, l&rsquo;ensemble s&rsquo;est impos\u00e9 comme l&rsquo;un des plus importants et des plus talentueux du pays, s&rsquo;illustrant par ses performances remarquables et son authenticit\u00e9.<\/p>\n<p><\/span><\/span><\/p>\n<\/blockquote>\n<p style=\"text-align: left;\"><span style=\"font-size: large;\">Le r\u00e9pertoire de Nastroenie est un v\u00e9ritable tr\u00e9sor, puisant dans la diversit\u00e9 des traditions folkloriques bulgares. Chants, danses, musiques, costumes&#8230; chaque \u00e9l\u00e9ment est minutieusement \u00e9tudi\u00e9 et transmis avec passion, pour offrir au public une exp\u00e9rience authentique et inoubliable.<\/span><\/p>\n<p style=\"text-align: left;\"><span style=\"font-size: large;\"> Sur sc\u00e8ne, les artistes de Nastroenie donnent vie aux traditions avec une \u00e9nergie communicative et un talent ind\u00e9niable. Leurs costumes chatoyants, leurs voix puissantes et leurs mouvements gracieux transportent le public dans un univers fascinant, o\u00f9 chaque geste raconte une histoire et chaque m\u00e9lodie exprime une \u00e9motion.<\/span><\/p>\n<p style=\"text-align: left;\"><span style=\"font-size: large;\">Nastroenie se consacre \u00e9galement \u00e0 la promotion de la culture bulgare \u00e0 travers le monde. L&rsquo;ensemble a particip\u00e9 \u00e0 de nombreux festivals et \u00e9v\u00e9nements internationaux, partageant sa passion avec des publics de tous horizons et contribuant \u00e0 faire rayonner la richesse du folklore bulgare.<\/span><\/p>\n<p style=\"text-align: left;\"><span style=\"font-size: large;\">Si vous \u00eates \u00e0 la recherche d&rsquo;une exp\u00e9rience unique et authentique, laissez-vous transporter par la magie de Nastroenie. Assistez \u00e0 l&rsquo;un de leurs spectacles et d\u00e9couvrez la beaut\u00e9 et la diversit\u00e9 du folklore bulgare, un v\u00e9ritable voyage au c\u0153ur des traditions et de l&rsquo;\u00e2me de ce pays fascinant.<br \/>\nNastroenie, plus qu&rsquo;un ensemble folklorique, une v\u00e9ritable invitation au voyage !<\/span><\/p>\n<p>[\/et_pb_text][et_pb_text _builder_version=\u00a0\u00bb4.24.1&Prime; _module_preset=\u00a0\u00bbdefault\u00a0\u00bb global_colors_info=\u00a0\u00bb{}\u00a0\u00bb]La pr\u00e9sence de cet ensemble s\u2019est r\u00e9alis\u00e9e gr\u00e2ce au concours du <a href=\"http:\/\/new.cioff-bulgaria.com\" target=\"_blank\" rel=\"noopener\">CIOFF Bulgarie<\/a>.[\/et_pb_text][et_pb_image src=\u00a0\u00bbhttps:\/\/fifo.ch\/wp-content\/uploads\/2022\/05\/CIOFF-New-Logo-Fr-S.png\u00a0\u00bb title_text=\u00a0\u00bbCIOFF-New Logo-Fr-S\u00a0\u00bb url=\u00a0\u00bbhttps:\/\/festivaldeconfolens.com\u00a0\u00bb url_new_window=\u00a0\u00bbon\u00a0\u00bb _builder_version=\u00a0\u00bb4.24.1&Prime; _module_preset=\u00a0\u00bbdefault\u00a0\u00bb width=\u00a0\u00bb100%\u00a0\u00bb global_colors_info=\u00a0\u00bb{}\u00a0\u00bb][\/et_pb_image][\/et_pb_column][et_pb_column type=\u00a0\u00bb1_2&Prime; specialty_columns=\u00a0\u00bb2&Prime; _builder_version=\u00a0\u00bb4.16&Prime; custom_padding=\u00a0\u00bb|||\u00a0\u00bb global_colors_info=\u00a0\u00bb{}\u00a0\u00bb custom_padding__hover=\u00a0\u00bb|||\u00a0\u00bb][et_pb_row_inner column_structure=\u00a0\u00bb1_2,1_2&Prime; disabled_on=\u00a0\u00bboff|off|off\u00a0\u00bb _builder_version=\u00a0\u00bb4.24.1&Prime; _module_preset=\u00a0\u00bbdefault\u00a0\u00bb global_colors_info=\u00a0\u00bb{}\u00a0\u00bb][et_pb_column_inner type=\u00a0\u00bb1_2&Prime; saved_specialty_column_type=\u00a0\u00bb1_2&Prime; _builder_version=\u00a0\u00bb4.16&Prime; _module_preset=\u00a0\u00bbdefault\u00a0\u00bb global_colors_info=\u00a0\u00bb{}\u00a0\u00bb][et_pb_button button_url=\u00a0\u00bbhttps:\/\/fifo.ch\/bulgarie-stara-zagora-2024\/#agbulgarie\u00a0\u00bb button_text=\u00a0\u00bbAGENDA\u00a0\u00bb _builder_version=\u00a0\u00bb4.24.1&Prime; _module_preset=\u00a0\u00bbdefault\u00a0\u00bb global_colors_info=\u00a0\u00bb{}\u00a0\u00bb][\/et_pb_button][\/et_pb_column_inner][et_pb_column_inner type=\u00a0\u00bb1_2&Prime; saved_specialty_column_type=\u00a0\u00bb1_2&Prime; _builder_version=\u00a0\u00bb4.16&Prime; _module_preset=\u00a0\u00bbdefault\u00a0\u00bb global_colors_info=\u00a0\u00bb{}\u00a0\u00bb][et_pb_button button_url=\u00a0\u00bbhttps:\/\/www.fifo.ch\/billetterie2022\/\u00a0\u00bb button_text=\u00a0\u00bbBILLETTERIE\u00a0\u00bb _builder_version=\u00a0\u00bb4.17.0&Prime; _module_preset=\u00a0\u00bbdefault\u00a0\u00bb custom_button=\u00a0\u00bbon\u00a0\u00bb button_text_color=\u00a0\u00bb#FFFFFF\u00a0\u00bb button_bg_color=\u00a0\u00bb#ec008c\u00a0\u00bb button_border_color=\u00a0\u00bb#ec008c\u00a0\u00bb button_icon_color=\u00a0\u00bb#FFFFFF\u00a0\u00bb global_colors_info=\u00a0\u00bb{}\u00a0\u00bb][\/et_pb_button][\/et_pb_column_inner][\/et_pb_row_inner][et_pb_row_inner _builder_version=\u00a0\u00bb4.16&Prime; _module_preset=\u00a0\u00bbdefault\u00a0\u00bb hover_enabled=\u00a0\u00bb0&Prime; global_colors_info=\u00a0\u00bb{}\u00a0\u00bb sticky_enabled=\u00a0\u00bb0&Prime;][et_pb_column_inner saved_specialty_column_type=\u00a0\u00bb1_2&Prime; _builder_version=\u00a0\u00bb4.16&Prime; _module_preset=\u00a0\u00bbdefault\u00a0\u00bb global_colors_info=\u00a0\u00bb{}\u00a0\u00bb][et_pb_video_slider disabled_on=\u00a0\u00bboff|off|off\u00a0\u00bb _builder_version=\u00a0\u00bb4.24.1&Prime; _module_preset=\u00a0\u00bbdefault\u00a0\u00bb hover_enabled=\u00a0\u00bb0&Prime; global_colors_info=\u00a0\u00bb{}\u00a0\u00bb sticky_enabled=\u00a0\u00bb0&Prime;][et_pb_video_slider_item src=\u00a0\u00bbhttps:\/\/fifo.ch\/wp-content\/uploads\/2024\/02\/FIFO-2024-Bulgarie-video.mp4&Prime; _builder_version=\u00a0\u00bb4.24.1&Prime; _module_preset=\u00a0\u00bbdefault\u00a0\u00bb hover_enabled=\u00a0\u00bb0&Prime; global_colors_info=\u00a0\u00bb{}\u00a0\u00bb show_image_overlay=\u00a0\u00bboff\u00a0\u00bb title_text=\u00a0\u00bbFIFO 2024 Bulgarie video\u00a0\u00bb sticky_enabled=\u00a0\u00bb0&Prime;][\/et_pb_video_slider_item][\/et_pb_video_slider][et_pb_gallery gallery_ids=\u00a0\u00bb35320,35317,35395,35399,35400,35401,35402,35403,35404,35405&Prime; gallery_orderby=\u00a0\u00bbrand\u00a0\u00bb show_title_and_caption=\u00a0\u00bboff\u00a0\u00bb _builder_version=\u00a0\u00bb4.24.1&Prime; _module_preset=\u00a0\u00bbdefault\u00a0\u00bb global_colors_info=\u00a0\u00bb{}\u00a0\u00bb][\/et_pb_gallery][et_pb_button button_url=\u00a0\u00bbhttps:\/\/www.instagram.com\/les_enfants_darausio\/\u00a0\u00bb button_text=\u00a0\u00bbInstagram\u00a0\u00bb disabled_on=\u00a0\u00bbon|on|on\u00a0\u00bb _builder_version=\u00a0\u00bb4.24.1&Prime; _module_preset=\u00a0\u00bbdefault\u00a0\u00bb disabled=\u00a0\u00bbon\u00a0\u00bb global_colors_info=\u00a0\u00bb{}\u00a0\u00bb][\/et_pb_button][et_pb_gallery gallery_ids=\u00a0\u00bb29531,29530,29529,29527,29526&Prime; gallery_orderby=\u00a0\u00bbrand\u00a0\u00bb show_title_and_caption=\u00a0\u00bboff\u00a0\u00bb _builder_version=\u00a0\u00bb4.16&Prime; _module_preset=\u00a0\u00bbdefault\u00a0\u00bb global_colors_info=\u00a0\u00bb{}\u00a0\u00bb][\/et_pb_gallery][\/et_pb_column_inner][\/et_pb_row_inner][\/et_pb_column][\/et_pb_section][et_pb_section fb_built=\u00a0\u00bb1&Prime; fullwidth=\u00a0\u00bbon\u00a0\u00bb disabled_on=\u00a0\u00bboff|off|off\u00a0\u00bb _builder_version=\u00a0\u00bb4.16&Prime; _module_preset=\u00a0\u00bbdefault\u00a0\u00bb bottom_divider_color=\u00a0\u00bb#ec008c\u00a0\u00bb global_colors_info=\u00a0\u00bb{}\u00a0\u00bb][et_pb_fullwidth_post_slider include_categories=\u00a0\u00bb57&Prime; orderby=\u00a0\u00bbrand\u00a0\u00bb excerpt_length=\u00a0\u00bb150&Prime; show_meta=\u00a0\u00bboff\u00a0\u00bb show_image_video_mobile=\u00a0\u00bbon\u00a0\u00bb _builder_version=\u00a0\u00bb4.23.1&Prime; _module_preset=\u00a0\u00bbdefault\u00a0\u00bb background_color=\u00a0\u00bbRGBA(255,255,255,0)\u00a0\u00bb background_enable_image=\u00a0\u00bboff\u00a0\u00bb custom_button=\u00a0\u00bbon\u00a0\u00bb button_icon_color=\u00a0\u00bb#EC008C\u00a0\u00bb global_colors_info=\u00a0\u00bb{}\u00a0\u00bb][\/et_pb_fullwidth_post_slider][\/et_pb_section][et_pb_section fb_built=\u00a0\u00bb1&Prime; fullwidth=\u00a0\u00bbon\u00a0\u00bb disabled_on=\u00a0\u00bboff|off|on\u00a0\u00bb _builder_version=\u00a0\u00bb4.16&Prime; _module_preset=\u00a0\u00bbdefault\u00a0\u00bb bottom_divider_color=\u00a0\u00bb#ec008c\u00a0\u00bb global_colors_info=\u00a0\u00bb{}\u00a0\u00bb][\/et_pb_section][et_pb_section fb_built=\u00a0\u00bb1&Prime; disabled_on=\u00a0\u00bboff|off|off\u00a0\u00bb module_id=\u00a0\u00bbagbulgarie\u00a0\u00bb _builder_version=\u00a0\u00bb4.24.1&Prime; _module_preset=\u00a0\u00bbdefault\u00a0\u00bb global_colors_info=\u00a0\u00bb{}\u00a0\u00bb][et_pb_row _builder_version=\u00a0\u00bb4.17.0&Prime; _module_preset=\u00a0\u00bbdefault\u00a0\u00bb global_colors_info=\u00a0\u00bb{}\u00a0\u00bb][et_pb_column type=\u00a0\u00bb4_4&Prime; _builder_version=\u00a0\u00bb4.17.0&Prime; _module_preset=\u00a0\u00bbdefault\u00a0\u00bb global_colors_info=\u00a0\u00bb{}\u00a0\u00bb][et_pb_code _builder_version=\u00a0\u00bb4.24.1&Prime; _module_preset=\u00a0\u00bbdefault\u00a0\u00bb global_colors_info=\u00a0\u00bb{}\u00a0\u00bb]<div class=\"simcal-calendar simcal-default-calendar simcal-default-calendar-list simcal-default-calendar-light\" data-calendar-id=\"35340\" data-timezone=\"Europe\/Zurich\" data-offset=\"7200\" data-week-start=\"1\" data-calendar-start=\"1722117600\" data-calendar-end=\"1722706200\" data-events-first=\"1722180600\" data-events-last=\"1722706200\"><div class=\"simcal-calendar-list \"><dl class=\"simcal-events-list-container\" data-prev=\"1721512800\" data-next=\"1722722400\" data-heading-small=\"Jul - Aug 2024\" data-heading-large=\"July - August, 2024\">\t<dt class=\"simcal-day-label\" style=\"border-bottom: 1px solid #ec008c;\" ><span style=\"background-color: #ec008c; color: #ffffff;\"><span class=\"simcal-date-format\" data-date-format=\"j F Y\">28 July 2024<\/span> <\/span><\/dt>\n<dd class=\"simcal-weekday-0 simcal-past simcal-day simcal-day-has-events simcal-day-has-1-events simcal-events-calendar-35340\" data-events-count=\"1\">\n\t<ul class=\"simcal-events\">\n\t<li class=\"simcal-event simcal-event-recurring simcal-event-has-location simcal-events-calendar-35340\" style=\"\" itemscope itemtype=\"http:\/\/schema.org\/Event\" data-start=\"1722180600\">\n\t\t<div class=\"simcal-event-details\"><h1><strong><span class=\"simcal-event-start simcal-event-start-time\" data-event-start=\"1722180600\" data-event-format=\"G\\hi\" itemprop=\"startDate\" content=\"2024-07-28T17:30:00+02:00\">17h30<\/span> <span class=\"simcal-event-title\" itemprop=\"name\">Tradi&#039;scine: Animation musicale - Bulgarie<\/span><\/strong><\/h1>\n<h5> <span class=\"simcal-event-address simcal-event-start-location\" itemprop=\"location\" itemscope itemtype=\"http:\/\/schema.org\/Place\"><meta itemprop=\"name\" content=\"Piscine Municipale, Rue du Forum 19, 1920 Martigny, Suisse\" \/><meta itemprop=\"address\" content=\"Piscine Municipale, Rue du Forum 19, 1920 Martigny, Suisse\" \/>Piscine Municipale, Rue du Forum 19, 1920 Martigny, Suisse<\/span> \u00a0<strong> <a href=\"\/\/maps.google.com?q=Piscine+Municipale%2C+Rue+du+Forum+19%2C+1920+Martigny%2C+Suisse\" target=\"_blank\" ><\/strong><span style=\"color: #ec008c\">Afficher sur la carte<\/span><strong><\/a><\/strong><\/h5>\n<h3><div class=\"simcal-event-description\" itemprop=\"description\"><p>\ud83c\udf1e Soleil, ap\u00e9ro\ud83c\udf7b, terrasse et musique traditionnelle\ud83e\ude97. \ud83e\udd3f Alors direction la piscine de Martigny.\u00a0Lien:\u00a0<a href=\"https:\/\/www.google.com\/url?q=http:\/\/www.chezfred.ch&amp;sa=D&amp;source=calendar&amp;usd=2&amp;usg=AOvVaw1F1QATi-JwpgrKNkVoy2HU\" target=\"_blank\"><u><u>Piscine de Martigny<\/u><\/u><\/a><\/p>\n<\/div><\/h3><\/div>\n\t<\/li>\n<\/ul>\n\n<\/dd>\n\t<dt class=\"simcal-day-label\" style=\"border-bottom: 1px solid #ec008c;\" ><span style=\"background-color: #ec008c; color: #ffffff;\"><span class=\"simcal-date-format\" data-date-format=\"j F Y\">29 July 2024<\/span> <\/span><\/dt>\n<dd class=\"simcal-weekday-1 simcal-past simcal-day simcal-day-has-events simcal-day-has-1-events simcal-events-calendar-35340 simcal-day-has-events simcal-day-has-2-events simcal-events-calendar-35340 simcal-day-has-events simcal-day-has-3-events simcal-events-calendar-35340 simcal-day-has-events simcal-day-has-4-events simcal-events-calendar-35340 simcal-day-has-events simcal-day-has-5-events simcal-events-calendar-35340\" data-events-count=\"5\">\n\t<ul class=\"simcal-events\">\n\t<li class=\"simcal-event simcal-event-has-location simcal-events-calendar-35340\" style=\"\" itemscope itemtype=\"http:\/\/schema.org\/Event\" data-start=\"1722269700\">\n\t\t<div class=\"simcal-event-details\"><h1><strong><span class=\"simcal-event-start simcal-event-start-time\" data-event-start=\"1722269700\" data-event-format=\"G\\hi\" itemprop=\"startDate\" content=\"2024-07-29T18:15:00+02:00\">18h15<\/span> <span class=\"simcal-event-title\" itemprop=\"name\">Animations<\/span><\/strong><\/h1>\n<h5> <span class=\"simcal-event-address simcal-event-start-location\" itemprop=\"location\" itemscope itemtype=\"http:\/\/schema.org\/Place\"><meta itemprop=\"name\" content=\"Place Centrale, Pl. Centrale, 1920 Martigny, Suisse\" \/><meta itemprop=\"address\" content=\"Place Centrale, Pl. Centrale, 1920 Martigny, Suisse\" \/>Place Centrale, Pl. Centrale, 1920 Martigny, Suisse<\/span> \u00a0<strong> <a href=\"\/\/maps.google.com?q=Place+Centrale%2C+Pl.+Centrale%2C+1920+Martigny%2C+Suisse\" target=\"_blank\" ><\/strong><span style=\"color: #ec008c\">Afficher sur la carte<\/span><strong><\/a><\/strong><\/h5>\n<h3><div class=\"simcal-event-description\" itemprop=\"description\"><p>\u00c7a commence!! Tous les ensembles du festival vous accueillent au Centre de Martigny.\u00a0<br \/><u><\/u><br \/>\ud83c\udde8\ud83c\udded \ud83c\uddf9\ud83c\uddff \ud83c\uddf3\ud83c\udde8 \ud83c\uddf5\ud83c\uddf9 \ud83c\udde8\ud83c\uddf4 \ud83c\uddeb\ud83c\uddf7 \ud83c\udde7\ud83c\uddec \ud83c\uddfa\ud83c\uddf8<br \/>Tanzanie - Nouvelle-Cal\u00e9donie - Portugal - Colombie - France - Bulgarie - USA<\/p>\n<\/div><\/h3><\/div>\n\t<\/li>\n\t<li class=\"simcal-event simcal-event-has-location simcal-events-calendar-35340\" style=\"\" itemscope itemtype=\"http:\/\/schema.org\/Event\" data-start=\"1722271500\">\n\t\t<div class=\"simcal-event-details\"><h1><strong><span class=\"simcal-event-start simcal-event-start-time\" data-event-start=\"1722271500\" data-event-format=\"G\\hi\" itemprop=\"startDate\" content=\"2024-07-29T18:45:00+02:00\">18h45<\/span> <span class=\"simcal-event-title\" itemprop=\"name\">C\u00e9r\u00e9monie d&#039;ouverture<\/span><\/strong><\/h1>\n<h5> <span class=\"simcal-event-address simcal-event-start-location\" itemprop=\"location\" itemscope itemtype=\"http:\/\/schema.org\/Place\"><meta itemprop=\"name\" content=\"Place Centrale, Pl. Centrale, 1920 Martigny, Suisse\" \/><meta itemprop=\"address\" content=\"Place Centrale, Pl. Centrale, 1920 Martigny, Suisse\" \/>Place Centrale, Pl. Centrale, 1920 Martigny, Suisse<\/span> \u00a0<strong> <a href=\"\/\/maps.google.com?q=Place+Centrale%2C+Pl.+Centrale%2C+1920+Martigny%2C+Suisse\" target=\"_blank\" ><\/strong><span style=\"color: #ec008c\">Afficher sur la carte<\/span><strong><\/a><\/strong><\/h5>\n<h3><div class=\"simcal-event-description\" itemprop=\"description\"><p>Le Pr\u00e9sident du FIFO donne les drapeaux , signe de paix, aux ensembles.\u00a0<br \/><u><\/u><br \/>\ud83c\udde8\ud83c\udded \ud83c\uddf9\ud83c\uddff \ud83c\uddf3\ud83c\udde8 \ud83c\uddf5\ud83c\uddf9 \ud83c\udde8\ud83c\uddf4 \ud83c\uddeb\ud83c\uddf7 \ud83c\udde7\ud83c\uddec \ud83c\uddfa\ud83c\uddf8<br \/>Tanzanie - Nouvelle-Cal\u00e9donie - Portugal - Colombie - France - Bulgarie - USA<\/p>\n<\/div><\/h3><\/div>\n\t<\/li>\n\t<li class=\"simcal-event simcal-event-has-location simcal-events-calendar-35340\" style=\"\" itemscope itemtype=\"http:\/\/schema.org\/Event\" data-start=\"1722273300\">\n\t\t<div class=\"simcal-event-details\"><h1><strong><span class=\"simcal-event-start simcal-event-start-time\" data-event-start=\"1722273300\" data-event-format=\"G\\hi\" itemprop=\"startDate\" content=\"2024-07-29T19:15:00+02:00\">19h15<\/span> <span class=\"simcal-event-title\" itemprop=\"name\">Parade des nations<\/span><\/strong><\/h1>\n<h5> <span class=\"simcal-event-address simcal-event-start-location\" itemprop=\"location\" itemscope itemtype=\"http:\/\/schema.org\/Place\"><meta itemprop=\"name\" content=\"Place Centrale, Pl. Centrale, 1920 Martigny, Suisse\" \/><meta itemprop=\"address\" content=\"Place Centrale, Pl. Centrale, 1920 Martigny, Suisse\" \/>Place Centrale, Pl. Centrale, 1920 Martigny, Suisse<\/span> \u00a0<strong> <a href=\"\/\/maps.google.com?q=Place+Centrale%2C+Pl.+Centrale%2C+1920+Martigny%2C+Suisse\" target=\"_blank\" ><\/strong><span style=\"color: #ec008c\">Afficher sur la carte<\/span><strong><\/a><\/strong><\/h5>\n<h3><div class=\"simcal-event-description\" itemprop=\"description\"><p>D\u00e9fil\u00e9 entre la Place centrale et l'Amphith\u00e9\u00e2tre.<br \/><u><\/u><br \/>\ud83c\udde8\ud83c\udded \ud83c\uddf9\ud83c\uddff \ud83c\uddf3\ud83c\udde8 \ud83c\uddf5\ud83c\uddf9 \ud83c\udde8\ud83c\uddf4 \ud83c\uddeb\ud83c\uddf7 \ud83c\udde7\ud83c\uddec \ud83c\uddfa\ud83c\uddf8<br \/>Tanzanie - Nouvelle-Cal\u00e9donie - Portugal - Colombie - France - Bulgarie - USA<\/p>\n<\/div><\/h3><\/div>\n\t<\/li>\n\t<li class=\"simcal-event simcal-event-has-location simcal-events-calendar-35340\" style=\"\" itemscope itemtype=\"http:\/\/schema.org\/Event\" data-start=\"1722277800\">\n\t\t<div class=\"simcal-event-details\"><h1><strong><span class=\"simcal-event-start simcal-event-start-time\" data-event-start=\"1722277800\" data-event-format=\"G\\hi\" itemprop=\"startDate\" content=\"2024-07-29T20:30:00+02:00\">20h30<\/span> <span class=\"simcal-event-title\" itemprop=\"name\">Spectacle d&#039;Ouverture - Tous \u00e0 l&#039;Amphi!<\/span><\/strong><\/h1>\n<h5> <span class=\"simcal-event-address simcal-event-start-location\" itemprop=\"location\" itemscope itemtype=\"http:\/\/schema.org\/Place\"><meta itemprop=\"name\" content=\"Amphith\u00e9\u00e2tre romain de Martigny, Rue du Levant 28, 1920 Martigny, Suisse\" \/><meta itemprop=\"address\" content=\"Amphith\u00e9\u00e2tre romain de Martigny, Rue du Levant 28, 1920 Martigny, Suisse\" \/>Amphith\u00e9\u00e2tre romain de Martigny, Rue du Levant 28, 1920 Martigny, Suisse<\/span> \u00a0<strong> <a href=\"\/\/maps.google.com?q=Amphith%C3%A9%C3%A2tre+romain+de+Martigny%2C+Rue+du+Levant+28%2C+1920+Martigny%2C+Suisse\" target=\"_blank\" ><\/strong><span style=\"color: #ec008c\">Afficher sur la carte<\/span><strong><\/a><\/strong><\/h5>\n<h3><div class=\"simcal-event-description\" itemprop=\"description\"><p>Le Spectacle d'Ouverture r\u00e9unit tous les ensembles invit\u00e9s au festival.<br \/><u><\/u><br \/>Durant pr\u00e8s de deux heures et demi les cultures du monde dansent, chantent et jouent. \ud83d\udc83\ud83c\udffb\ud83c\udfa4\ud83c\udfba<br \/><u><\/u><br \/>Dans un d\u00e9cor cr\u00e9\u00e9 par le FIFO \u00e0 l'Amphith\u00e9\u00e2tre Romain de Martigny, ce spectacle s'adresse \u00e0 tous les amateurs de la d\u00e9couverte du globe \u00e0 domicile et dans une ambiance chaleureuse et festive.\ud83c\udf8a<u><\/u><br \/><u><\/u><br \/>\ud83c\uddf9\ud83c\uddff \ud83c\uddf3\ud83c\udde8 \ud83c\uddf5\ud83c\uddf9 \ud83c\udde8\ud83c\uddf4 \ud83c\uddeb\ud83c\uddf7 \ud83c\udde7\ud83c\uddec \ud83c\uddfa\ud83c\uddf8<br \/>Tanzanie - Nouvelle-Cal\u00e9donie - Portugal - Colombie - France - Bulgarie - USA<br \/><u><\/u><br \/>\ud83c\udf9f\u00a0<a href=\"https:\/\/www.martigny.com\/fr\/activity\/fifo-2024-14861\/\" target=\"_blank\"><u><u><u><u><u>Billetterie<\/u><\/u><\/u><\/u><\/u><\/a><br \/><u><\/u><u><\/u><u><\/u><u><\/u><u><\/u>Ouverture des portes 19h00<u><\/u><u><\/u><u><\/u>\u00a0- Bar et Restauration<\/p>\n<\/div><\/h3><\/div>\n\t<\/li>\n\t<li class=\"simcal-event simcal-event-has-location simcal-events-calendar-35340\" style=\"\" itemscope itemtype=\"http:\/\/schema.org\/Event\" data-start=\"1722286800\">\n\t\t<div class=\"simcal-event-details\"><h1><strong><span class=\"simcal-event-start simcal-event-start-time\" data-event-start=\"1722286800\" data-event-format=\"G\\hi\" itemprop=\"startDate\" content=\"2024-07-29T23:00:00+02:00\">23h00<\/span> <span class=\"simcal-event-title\" itemprop=\"name\">Tradi&#039;amphi: Animation Village du monde - Bulgarie<\/span><\/strong><\/h1>\n<h5> <span class=\"simcal-event-address simcal-event-start-location\" itemprop=\"location\" itemscope itemtype=\"http:\/\/schema.org\/Place\"><meta itemprop=\"name\" content=\"Amphith\u00e9\u00e2tre romain de Martigny, Rue du Levant 28, 1920 Martigny, Suisse\" \/><meta itemprop=\"address\" content=\"Amphith\u00e9\u00e2tre romain de Martigny, Rue du Levant 28, 1920 Martigny, Suisse\" \/>Amphith\u00e9\u00e2tre romain de Martigny, Rue du Levant 28, 1920 Martigny, Suisse<\/span> \u00a0<strong> <a href=\"\/\/maps.google.com?q=Amphith%C3%A9%C3%A2tre+romain+de+Martigny%2C+Rue+du+Levant+28%2C+1920+Martigny%2C+Suisse\" target=\"_blank\" ><\/strong><span style=\"color: #ec008c\">Afficher sur la carte<\/span><strong><\/a><\/strong><\/h5>\n<h3><div class=\"simcal-event-description\" itemprop=\"description\"><p>Description :\ud83c\udfb9 Finis la soir\u00e9e en compagnie des orchestres des groupes sous les \u00e9toiles de Martigny \u2728. \ud83c\udd93 Ouvert \u00e0 toutes et tous.<\/p>\n<\/div><\/h3><\/div>\n\t<\/li>\n<\/ul>\n\n<\/dd>\n\t<dt class=\"simcal-day-label\" style=\"border-bottom: 1px solid #ec008c;\" ><span style=\"background-color: #ec008c; color: #ffffff;\"><span class=\"simcal-date-format\" data-date-format=\"j F Y\">30 July 2024<\/span> <\/span><\/dt>\n<dd class=\"simcal-weekday-2 simcal-past simcal-day simcal-day-has-events simcal-day-has-1-events simcal-events-calendar-35340\" data-events-count=\"1\">\n\t<ul class=\"simcal-events\">\n\t<li class=\"simcal-event simcal-event-has-location simcal-events-calendar-35340\" style=\"\" itemscope itemtype=\"http:\/\/schema.org\/Event\" data-start=\"1722362400\">\n\t\t<div class=\"simcal-event-details\"><h1><strong><span class=\"simcal-event-start simcal-event-start-time\" data-event-start=\"1722362400\" data-event-format=\"G\\hi\" itemprop=\"startDate\" content=\"2024-07-30T20:00:00+02:00\">20h00<\/span> <span class=\"simcal-event-title\" itemprop=\"name\">Tradi&#039;village: Animation Arbaz - Bulgarie<\/span><\/strong><\/h1>\n<h5> <span class=\"simcal-event-address simcal-event-start-location\" itemprop=\"location\" itemscope itemtype=\"http:\/\/schema.org\/Place\"><meta itemprop=\"name\" content=\"Centre Scolaire d&#039;Arbaz, Rte du Village 11, 1974 Arbaz, Suisse\" \/><meta itemprop=\"address\" content=\"Centre Scolaire d&#039;Arbaz, Rte du Village 11, 1974 Arbaz, Suisse\" \/>Centre Scolaire d&#039;Arbaz, Rte du Village 11, 1974 Arbaz, Suisse<\/span> \u00a0<strong> <a href=\"\/\/maps.google.com?q=Centre+Scolaire+d%26%23039%3BArbaz%2C+Rte+du+Village+11%2C+1974+Arbaz%2C+Suisse\" target=\"_blank\" ><\/strong><span style=\"color: #ec008c\">Afficher sur la carte<\/span><strong><\/a><\/strong><\/h5>\n<h3><\/h3><\/div>\n\t<\/li>\n<\/ul>\n\n<\/dd>\n\t<dt class=\"simcal-day-label\" style=\"border-bottom: 1px solid #ec008c;\" ><span style=\"background-color: #ec008c; color: #ffffff;\"><span class=\"simcal-date-format\" data-date-format=\"j F Y\">31 July 2024<\/span> <\/span><\/dt>\n<dd class=\"simcal-weekday-3 simcal-past simcal-day simcal-day-has-events simcal-day-has-1-events simcal-events-calendar-35340 simcal-day-has-events simcal-day-has-2-events simcal-events-calendar-35340\" data-events-count=\"2\">\n\t<ul class=\"simcal-events\">\n\t<li class=\"simcal-event simcal-event-recurring simcal-event-has-location simcal-events-calendar-35340\" style=\"\" itemscope itemtype=\"http:\/\/schema.org\/Event\" data-start=\"1722418200\">\n\t\t<div class=\"simcal-event-details\"><h1><strong><span class=\"simcal-event-start simcal-event-start-time\" data-event-start=\"1722418200\" data-event-format=\"G\\hi\" itemprop=\"startDate\" content=\"2024-07-31T11:30:00+02:00\">11h30<\/span> <span class=\"simcal-event-title\" itemprop=\"name\">Tradi&#039;scine: Animation musicale - Bulgarie<\/span><\/strong><\/h1>\n<h5> <span class=\"simcal-event-address simcal-event-start-location\" itemprop=\"location\" itemscope itemtype=\"http:\/\/schema.org\/Place\"><meta itemprop=\"name\" content=\"Piscine Municipale, Rue du Forum 19, 1920 Martigny, Suisse\" \/><meta itemprop=\"address\" content=\"Piscine Municipale, Rue du Forum 19, 1920 Martigny, Suisse\" \/>Piscine Municipale, Rue du Forum 19, 1920 Martigny, Suisse<\/span> \u00a0<strong> <a href=\"\/\/maps.google.com?q=Piscine+Municipale%2C+Rue+du+Forum+19%2C+1920+Martigny%2C+Suisse\" target=\"_blank\" ><\/strong><span style=\"color: #ec008c\">Afficher sur la carte<\/span><strong><\/a><\/strong><\/h5>\n<h3><div class=\"simcal-event-description\" itemprop=\"description\"><p>\ud83c\udf1e Soleil, ap\u00e9ro\ud83c\udf7b, terrasse et musique traditionnelle\ud83e\ude97. \ud83e\udd3f Alors direction la piscine de Martigny.\u00a0Lien:\u00a0<a href=\"http:\/\/www.chezfred.ch\"><u><u>Piscine de Martigny<\/u><\/u><\/a><\/p>\n<\/div><\/h3><\/div>\n\t<\/li>\n\t<li class=\"simcal-event simcal-event-has-location simcal-events-calendar-35340\" style=\"\" itemscope itemtype=\"http:\/\/schema.org\/Event\" data-start=\"1722441600\">\n\t\t<div class=\"simcal-event-details\"><h1><strong><span class=\"simcal-event-start simcal-event-start-time\" data-event-start=\"1722441600\" data-event-format=\"G\\hi\" itemprop=\"startDate\" content=\"2024-07-31T18:00:00+02:00\">18h00<\/span> <span class=\"simcal-event-title\" itemprop=\"name\">Tradi&#039;village: Animation Savi\u00e8se - Bulgarie<\/span><\/strong><\/h1>\n<h5> <span class=\"simcal-event-address simcal-event-start-location\" itemprop=\"location\" itemscope itemtype=\"http:\/\/schema.org\/Place\"><meta itemprop=\"name\" content=\"Halle des F\u00eates de Savi\u00e8se, Rue du Stade 25, 1965 Saint-Germain (Savi\u00e8se, Suisse\" \/><meta itemprop=\"address\" content=\"Halle des F\u00eates de Savi\u00e8se, Rue du Stade 25, 1965 Saint-Germain (Savi\u00e8se, Suisse\" \/>Halle des F\u00eates de Savi\u00e8se, Rue du Stade 25, 1965 Saint-Germain (Savi\u00e8se, Suisse<\/span> \u00a0<strong> <a href=\"\/\/maps.google.com?q=Halle+des+F%C3%AAtes+de+Savi%C3%A8se%2C+Rue+du+Stade+25%2C+1965+Saint-Germain+%28Savi%C3%A8se%2C+Suisse\" target=\"_blank\" ><\/strong><span style=\"color: #ec008c\">Afficher sur la carte<\/span><strong><\/a><\/strong><\/h5>\n<h3><div class=\"simcal-event-description\" itemprop=\"description\"><p>\ud83c\udf87 Le FIFO anime la\ud83c\udde8\ud83c\uddedF\u00eate Nationale Suisse\ud83c\udde8\ud83c\uddeddans les Villages Valaisans. \ud83c\udf86<\/p>\n<\/div><\/h3><\/div>\n\t<\/li>\n<\/ul>\n\n<\/dd>\n\t<dt class=\"simcal-day-label\" style=\"border-bottom: 1px solid #ec008c;\" ><span style=\"background-color: #ec008c; color: #ffffff;\"><span class=\"simcal-date-format\" data-date-format=\"j F Y\">1 August 2024<\/span> <\/span><\/dt>\n<dd class=\"simcal-weekday-4 simcal-past simcal-day simcal-day-has-events simcal-day-has-1-events simcal-events-calendar-35340 simcal-day-has-events simcal-day-has-2-events simcal-events-calendar-35340\" data-events-count=\"2\">\n\t<ul class=\"simcal-events\">\n\t<li class=\"simcal-event simcal-event-has-location simcal-events-calendar-35340\" style=\"\" itemscope itemtype=\"http:\/\/schema.org\/Event\" data-start=\"1722499200\">\n\t\t<div class=\"simcal-event-details\"><h1><strong><span class=\"simcal-event-start simcal-event-start-time\" data-event-start=\"1722499200\" data-event-format=\"G\\hi\" itemprop=\"startDate\" content=\"2024-08-01T10:00:00+02:00\">10h00<\/span> <span class=\"simcal-event-title\" itemprop=\"name\">Tradi&#039;gouilles: Animation - Bulgarie<\/span><\/strong><\/h1>\n<h5> <span class=\"simcal-event-address simcal-event-start-location\" itemprop=\"location\" itemscope itemtype=\"http:\/\/schema.org\/Place\"><meta itemprop=\"name\" content=\"Lac du Rosel, 1920 Martigny, Suisse\" \/><meta itemprop=\"address\" content=\"Lac du Rosel, 1920 Martigny, Suisse\" \/>Lac du Rosel, 1920 Martigny, Suisse<\/span> \u00a0<strong> <a href=\"\/\/maps.google.com?q=Lac+du+Rosel%2C+1920+Martigny%2C+Suisse\" target=\"_blank\" ><\/strong><span style=\"color: #ec008c\">Afficher sur la carte<\/span><strong><\/a><\/strong><\/h5>\n<h3><div class=\"simcal-event-description\" itemprop=\"description\"><p>\ud83c\udf87 Le FIFO anime la\ud83c\udde8\ud83c\uddedF\u00eate Nationale Suisse\ud83c\udde8\ud83c\udded\u00e0 l'\u00e9tang du Rosel. \ud83c\udf86<\/p>\n<\/div><\/h3><\/div>\n\t<\/li>\n\t<li class=\"simcal-event simcal-event-has-location simcal-events-calendar-35340\" style=\"\" itemscope itemtype=\"http:\/\/schema.org\/Event\" data-start=\"1722531600\">\n\t\t<div class=\"simcal-event-details\"><h1><strong><span class=\"simcal-event-start simcal-event-start-time\" data-event-start=\"1722531600\" data-event-format=\"G\\hi\" itemprop=\"startDate\" content=\"2024-08-01T19:00:00+02:00\">19h00<\/span> <span class=\"simcal-event-title\" itemprop=\"name\">Tradi&#039;village: Animation H\u00e9r\u00e9mence - Bulgarie<\/span><\/strong><\/h1>\n<h5> <span class=\"simcal-event-address simcal-event-start-location\" itemprop=\"location\" itemscope itemtype=\"http:\/\/schema.org\/Place\"><meta itemprop=\"name\" content=\"H\u00e9r\u00e9mence, Suisse\" \/><meta itemprop=\"address\" content=\"H\u00e9r\u00e9mence, Suisse\" \/>H\u00e9r\u00e9mence, Suisse<\/span> \u00a0<strong> <a href=\"\/\/maps.google.com?q=H%C3%A9r%C3%A9mence%2C+Suisse\" target=\"_blank\" ><\/strong><span style=\"color: #ec008c\">Afficher sur la carte<\/span><strong><\/a><\/strong><\/h5>\n<h3><div class=\"simcal-event-description\" itemprop=\"description\"><p>\ud83c\udf87 Le FIFO anime la\ud83c\udde8\ud83c\uddedF\u00eate Nationale Suisse\ud83c\udde8\ud83c\uddeddans les Villages Valaisans. \ud83c\udf86<\/p>\n<\/div><\/h3><\/div>\n\t<\/li>\n<\/ul>\n\n<\/dd>\n\t<dt class=\"simcal-day-label\" style=\"border-bottom: 1px solid #ec008c;\" ><span style=\"background-color: #ec008c; color: #ffffff;\"><span class=\"simcal-date-format\" data-date-format=\"j F Y\">2 August 2024<\/span> <\/span><\/dt>\n<dd class=\"simcal-weekday-5 simcal-past simcal-day simcal-day-has-events simcal-day-has-1-events simcal-events-calendar-35340\" data-events-count=\"1\">\n\t<ul class=\"simcal-events\">\n\t<li class=\"simcal-event simcal-event-has-location simcal-events-calendar-35340\" style=\"\" itemscope itemtype=\"http:\/\/schema.org\/Event\" data-start=\"1722621600\">\n\t\t<div class=\"simcal-event-details\"><h1><strong><span class=\"simcal-event-start simcal-event-start-time\" data-event-start=\"1722621600\" data-event-format=\"G\\hi\" itemprop=\"startDate\" content=\"2024-08-02T20:00:00+02:00\">20h00<\/span> <span class=\"simcal-event-title\" itemprop=\"name\">Spectacle de Gala - Tous \u00e0 l&#039;Amphi!<\/span><\/strong><\/h1>\n<h5> <span class=\"simcal-event-address simcal-event-start-location\" itemprop=\"location\" itemscope itemtype=\"http:\/\/schema.org\/Place\"><meta itemprop=\"name\" content=\"Amphith\u00e9\u00e2tre romain de Martigny, Rue du Levant 28, 1920 Martigny, Suisse\" \/><meta itemprop=\"address\" content=\"Amphith\u00e9\u00e2tre romain de Martigny, Rue du Levant 28, 1920 Martigny, Suisse\" \/>Amphith\u00e9\u00e2tre romain de Martigny, Rue du Levant 28, 1920 Martigny, Suisse<\/span> \u00a0<strong> <a href=\"\/\/maps.google.com?q=Amphith%C3%A9%C3%A2tre+romain+de+Martigny%2C+Rue+du+Levant+28%2C+1920+Martigny%2C+Suisse\" target=\"_blank\" ><\/strong><span style=\"color: #ec008c\">Afficher sur la carte<\/span><strong><\/a><\/strong><\/h5>\n<h3><div class=\"simcal-event-description\" itemprop=\"description\"><p>Les ensembles pr\u00e9sent\u00e9s lors du spectacle d'ouverture t'ont permis de faire le choix qui r\u00e9pondra \u00e0 ta curiosit\u00e9 et tes go\u00fbts.\u00a0Le FIFO te comblera en te proposant deux spectacles de gala.\u00a0<br \/>D\u00e9couvres, en d\u00e9tail, ton groupe pr\u00e9f\u00e9r\u00e9 dans son tableau de 30 minutes.\u00a0<u><\/u><br \/><u><\/u><br \/>\ud83c\udde8\ud83c\udded \ud83c\uddf9\ud83c\uddff \ud83c\udde8\ud83c\uddf4 \ud83c\udde7\ud83c\uddec<br \/>Tanzanie - Colombie - Bulgarie - Suisse Les Bandits Folkloriques<br \/><u><\/u><br \/>\ud83c\udf9f\u00a0<a href=\"https:\/\/www.martigny.com\/fr\/activity\/fifo-2024-14861\/\"><u><u><u><u><u><u><u>Billetterie<\/u><\/u><\/u><\/u><\/u><\/u><\/u><\/a><br \/><u><\/u><u><\/u><u><\/u><u><\/u><u><\/u>Ouverture des portes 18h30 - Bar et Restauration<\/p>\n<\/div><\/h3><\/div>\n\t<\/li>\n<\/ul>\n\n<\/dd>\n\t<dt class=\"simcal-day-label\" style=\"border-bottom: 1px solid #ec008c;\" ><span style=\"background-color: #ec008c; color: #ffffff;\"><span class=\"simcal-date-format\" data-date-format=\"j F Y\">3 August 2024<\/span> <\/span><\/dt>\n<dd class=\"simcal-weekday-6 simcal-past simcal-day simcal-day-has-events simcal-day-has-1-events simcal-events-calendar-35340 simcal-day-has-events simcal-day-has-2-events simcal-events-calendar-35340 simcal-day-has-events simcal-day-has-3-events simcal-events-calendar-35340\" data-events-count=\"3\">\n\t<ul class=\"simcal-events\">\n\t<li class=\"simcal-event simcal-event-has-location simcal-events-calendar-35340\" style=\"\" itemscope itemtype=\"http:\/\/schema.org\/Event\" data-start=\"1722682800\">\n\t\t<div class=\"simcal-event-details\"><h1><strong><span class=\"simcal-event-start simcal-event-start-time\" data-event-start=\"1722682800\" data-event-format=\"G\\hi\" itemprop=\"startDate\" content=\"2024-08-03T13:00:00+02:00\">13h00<\/span> <span class=\"simcal-event-title\" itemprop=\"name\">Animation avant Cort\u00e8ge GRATUIT<\/span><\/strong><\/h1>\n<h5> <span class=\"simcal-event-address simcal-event-start-location\" itemprop=\"location\" itemscope itemtype=\"http:\/\/schema.org\/Place\"><meta itemprop=\"name\" content=\"Martigny, Suisse\" \/><meta itemprop=\"address\" content=\"Martigny, Suisse\" \/>Martigny, Suisse<\/span> \u00a0<strong> <a href=\"\/\/maps.google.com?q=Martigny%2C+Suisse\" target=\"_blank\" ><\/strong><span style=\"color: #ec008c\">Afficher sur la carte<\/span><strong><\/a><\/strong><\/h5>\n<h3><div class=\"simcal-event-description\" itemprop=\"description\"><p>Journ\u00e9e\u00a0<u><a href=\"http:\/\/www.cioff.ch\"><u><u>CIOFF Suisse<\/u><\/u><\/a><\/u>\u00a0\ud83c\udd93<br \/>Plus de 600 artistes d\u00e9rouleront leurs cultures traditionnelles dans un Grand Cort\u00e8ge Folklorique Gratuit. La vingtaine de groupes se nourrira de vos applaudissements, venez en nombre pour cette grande communion de Paix. \ud83d\udd4a\ufe0f<br \/><u><\/u><br \/>\ud83c\udde8\ud83c\udded \ud83c\uddf9\ud83c\uddff \ud83c\uddf3\ud83c\udde8 \ud83c\uddf5\ud83c\uddf9 \ud83c\udde8\ud83c\uddf4 \ud83c\uddeb\ud83c\uddf7 \ud83c\udde7\ud83c\uddec \ud83c\uddfa\ud83c\uddf8<br \/>Tanzanie - Nouvelle-Cal\u00e9donie - Portugal - Colombie - France - Bulgarie - USA<br \/>Tambours d'Octodure -\u00a0Zach\u00e9os -\u00a0La\u00a0Comberintze -\u00a0La\u00a0Chanson de la Montagne de Nendaz - Mokshu Lions - Li Rondenia - Harmonie municipale de Martigny - L\u00e8 R\u00e9ch\u00e8tte - L'Arbarintze - Les Tri'Vzin - Le Vieux-Salvan - Swiss-Folk-Arts \"R\u00f6schtigrabe\" - Fifres et Tambours de St-Luc - L\u00e8 Mayintson - Ej'Ecochyoe\u00fc de Ninda - Trachtengruppe D\u00fcdingen - L'Arc-en-Ciel d'Evol\u00e8ne<\/p>\n<\/div><\/h3><\/div>\n\t<\/li>\n\t<li class=\"simcal-event simcal-event-has-location simcal-events-calendar-35340\" style=\"\" itemscope itemtype=\"http:\/\/schema.org\/Event\" data-start=\"1722687300\">\n\t\t<div class=\"simcal-event-details\"><h1><strong><span class=\"simcal-event-start simcal-event-start-time\" data-event-start=\"1722687300\" data-event-format=\"G\\hi\" itemprop=\"startDate\" content=\"2024-08-03T14:15:00+02:00\">14h15<\/span> <span class=\"simcal-event-title\" itemprop=\"name\">Grand Cort\u00e8ge Folklorique GRATUIT<\/span><\/strong><\/h1>\n<h5> <span class=\"simcal-event-address simcal-event-start-location\" itemprop=\"location\" itemscope itemtype=\"http:\/\/schema.org\/Place\"><meta itemprop=\"name\" content=\"Martigny, Suisse\" \/><meta itemprop=\"address\" content=\"Martigny, Suisse\" \/>Martigny, Suisse<\/span> \u00a0<strong> <a href=\"\/\/maps.google.com?q=Martigny%2C+Suisse\" target=\"_blank\" ><\/strong><span style=\"color: #ec008c\">Afficher sur la carte<\/span><strong><\/a><\/strong><\/h5>\n<h3><div class=\"simcal-event-description\" itemprop=\"description\"><p>Journ\u00e9e\u00a0<u><a href=\"http:\/\/www.cioff.ch\">CIOFF Suisse<\/a><\/u>\u00a0\ud83c\udd93<br \/>Plus de 600 artistes d\u00e9rouleront leurs cultures traditionnelles dans un Grand Cort\u00e8ge Folklorique Gratuit. La vingtaine de groupes se nourrira de vos applaudissements, venez en nombre pour cette grande communion de Paix. \ud83d\udd4a\ufe0f<br \/><u><\/u><br \/><u><\/u>Parcours du d\u00e9fil\u00e9: avenue de la Gare, Place Centrale, H\u00f4tel de Ville, Amphith\u00e9\u00e2tre<br \/><u><\/u><br \/>\ud83c\udde8\ud83c\udded \ud83c\uddf9\ud83c\uddff \ud83c\uddf3\ud83c\udde8 \ud83c\uddf5\ud83c\uddf9 \ud83c\udde8\ud83c\uddf4 \ud83c\uddeb\ud83c\uddf7 \ud83c\udde7\ud83c\uddec \ud83c\uddfa\ud83c\uddf8<br \/>Tanzanie - Nouvelle-Cal\u00e9donie - Portugal - Colombie - France - Bulgarie - USA<br \/>Tambours d'Octodure -\u00a0Zach\u00e9os -\u00a0La\u00a0Comberintze -\u00a0La\u00a0Chanson de la Montagne de Nendaz - Mokshu Lions - Li Rondenia - Harmonie municipale de Martigny - L\u00e8 R\u00e9ch\u00e8tte - L'Arbarintze - Les Tri'Vzin - Le Vieux-Salvan - Swiss-Folk-Arts \"R\u00f6schtigrabe\" - Fifres et Tambours de St-Luc - L\u00e8 Mayintson - Ej'Ecochyoe\u00fc de Ninda - Trachtengruppe D\u00fcdingen - L'Arc-en-Ciel d'Evol\u00e8ne<\/p>\n<\/div><\/h3><\/div>\n\t<\/li>\n\t<li class=\"simcal-event simcal-event-has-location simcal-events-calendar-35340\" style=\"\" itemscope itemtype=\"http:\/\/schema.org\/Event\" data-start=\"1722695400\">\n\t\t<div class=\"simcal-event-details\"><h1><strong><span class=\"simcal-event-start simcal-event-start-time\" data-event-start=\"1722695400\" data-event-format=\"G\\hi\" itemprop=\"startDate\" content=\"2024-08-03T16:30:00+02:00\">16h30<\/span> <span class=\"simcal-event-title\" itemprop=\"name\">Spectacle de Cl\u00f4ture - Tous \u00e0 l&#039;Amphi!<\/span><\/strong><\/h1>\n<h5> <span class=\"simcal-event-address simcal-event-start-location\" itemprop=\"location\" itemscope itemtype=\"http:\/\/schema.org\/Place\"><meta itemprop=\"name\" content=\"Amphith\u00e9\u00e2tre romain de Martigny, Rue du Levant 28, 1920 Martigny, Suisse\" \/><meta itemprop=\"address\" content=\"Amphith\u00e9\u00e2tre romain de Martigny, Rue du Levant 28, 1920 Martigny, Suisse\" \/>Amphith\u00e9\u00e2tre romain de Martigny, Rue du Levant 28, 1920 Martigny, Suisse<\/span> \u00a0<strong> <a href=\"\/\/maps.google.com?q=Amphith%C3%A9%C3%A2tre+romain+de+Martigny%2C+Rue+du+Levant+28%2C+1920+Martigny%2C+Suisse\" target=\"_blank\" ><\/strong><span style=\"color: #ec008c\">Afficher sur la carte<\/span><strong><\/a><\/strong><\/h5>\n<h3><div class=\"simcal-event-description\" itemprop=\"description\"><p>Les Cultures Traditionnelles se sont propag\u00e9es dans tout le Valais et plus particuli\u00e8rement \u00e0 Martigny durant ces 6 derniers jours.\u00a0<br \/>Venez aider nos artistes \u00e0 propager encore plus loin ces couleurs de culture de paix et de non-violence. \u262e\ufe0f<br \/><u><\/u><br \/>\ud83c\udde8\ud83c\udded \ud83c\uddf9\ud83c\uddff \ud83c\uddf3\ud83c\udde8 \ud83c\uddf5\ud83c\uddf9 \ud83c\udde8\ud83c\uddf4 \ud83c\uddeb\ud83c\uddf7 \ud83c\udde7\ud83c\uddec \ud83c\uddfa\ud83c\uddf8<br \/>Comberintz - Arc-en-Ciel d'Evol\u00e8ne - Tanzanie - Nouvelle-Cal\u00e9donie - Portugal - Colombie - France - Bulgarie - USA<br \/><u><\/u><br \/>\ud83c\udf9f\u00a0<a href=\"https:\/\/www.martigny.com\/fr\/activity\/fifo-2024-14861\/\" target=\"_blank\"><u><u><u><u><u><u><u><u>Billetterie<\/u><\/u><\/u><\/u><\/u><\/u><\/u><\/u><\/a><br \/><u><\/u><u><\/u><u><\/u><u><\/u><u><\/u>Ouverture des portes 15h00 - Bar et Restauration<\/p>\n<\/div><\/h3><\/div>\n\t<\/li>\n<\/ul>\n\n<\/dd>\n<\/dl><div class=\"simcal-ajax-loader simcal-spinner-top\" style=\"display: none;\"><i class=\"simcal-icon-spinner simcal-icon-spin\"><\/i><\/div><\/div><\/div>[\/et_pb_code][\/et_pb_column][\/et_pb_row][\/et_pb_section]<\/p>\n","protected":false},"excerpt":{"rendered":"<p>De Stara Zagora, ville au c\u0153ur de la Bulgarie, l&rsquo;ensemble folklorique repr\u00e9sentatif Nastroenie vous invite \u00e0 un voyage vibrant au c\u0153ur des traditions et de la culture bulgare. De Stara Zagora, ville au c\u0153ur de la Bulgarie, l&rsquo;ensemble folklorique repr\u00e9sentatif Nastroenie vous invite \u00e0 un voyage vibrant au c\u0153ur des traditions et de la culture [&hellip;]<\/p>\n","protected":false},"author":1,"featured_media":35324,"comment_status":"open","ping_status":"open","sticky":false,"template":"","format":"standard","meta":{"_et_pb_use_builder":"on","_et_pb_old_content":"","_et_gb_content_width":"2880","footnotes":""},"categories":[57,64],"tags":[],"class_list":["post-35328","post","type-post","status-publish","format-standard","has-post-thumbnail","hentry","category-57","category-bulgarie"],"_links":{"self":[{"href":"https:\/\/fifo.ch\/en\/wp-json\/wp\/v2\/posts\/35328","targetHints":{"allow":["GET"]}}],"collection":[{"href":"https:\/\/fifo.ch\/en\/wp-json\/wp\/v2\/posts"}],"about":[{"href":"https:\/\/fifo.ch\/en\/wp-json\/wp\/v2\/types\/post"}],"author":[{"embeddable":true,"href":"https:\/\/fifo.ch\/en\/wp-json\/wp\/v2\/users\/1"}],"replies":[{"embeddable":true,"href":"https:\/\/fifo.ch\/en\/wp-json\/wp\/v2\/comments?post=35328"}],"version-history":[{"count":10,"href":"https:\/\/fifo.ch\/en\/wp-json\/wp\/v2\/posts\/35328\/revisions"}],"predecessor-version":[{"id":35411,"href":"https:\/\/fifo.ch\/en\/wp-json\/wp\/v2\/posts\/35328\/revisions\/35411"}],"wp:featuredmedia":[{"embeddable":true,"href":"https:\/\/fifo.ch\/en\/wp-json\/wp\/v2\/media\/35324"}],"wp:attachment":[{"href":"https:\/\/fifo.ch\/en\/wp-json\/wp\/v2\/media?parent=35328"}],"wp:term":[{"taxonomy":"category","embeddable":true,"href":"https:\/\/fifo.ch\/en\/wp-json\/wp\/v2\/categories?post=35328"},{"taxonomy":"post_tag","embeddable":true,"href":"https:\/\/fifo.ch\/en\/wp-json\/wp\/v2\/tags?post=35328"}],"curies":[{"name":"wp","href":"https:\/\/api.w.org\/{rel}","templated":true}]}}