{"id":33985,"date":"2022-04-10T18:30:56","date_gmt":"2022-04-10T16:30:56","guid":{"rendered":"https:\/\/fifo.ch\/?p=33985"},"modified":"2022-07-06T15:38:28","modified_gmt":"2022-07-06T13:38:28","slug":"zimbabwe-bulawayo-2022","status":"publish","type":"post","link":"https:\/\/fifo.ch\/en\/zimbabwe-bulawayo-2022\/","title":{"rendered":"Zimbabwe (Bulawayo)"},"content":{"rendered":"<p>[et_pb_section fb_built=\u00a0\u00bb1&Prime; fullwidth=\u00a0\u00bbon\u00a0\u00bb _builder_version=\u00a0\u00bb4.16&Prime; _module_preset=\u00a0\u00bbdefault\u00a0\u00bb global_colors_info=\u00a0\u00bb{}\u00a0\u00bb][et_pb_fullwidth_header title=\u00a0\u00bbZimbabwe (Bulawayo)\u00a0\u00bb subhead=\u00a0\u00bbEzimnyama Dance Company &#8211; Bulawayo\u00a0\u00bb header_scroll_down=\u00a0\u00bbon\u00a0\u00bb scroll_down_icon=\u00a0\u00bb%%8%%\u00a0\u00bb scroll_down_icon_color=\u00a0\u00bb#ec008c\u00a0\u00bb button_one_text=\u00a0\u00bbSite internet\u00a0\u00bb button_one_url=\u00a0\u00bbhttp:\/\/www.ezimnyama.org\/\u00a0\u00bb button_two_text=\u00a0\u00bbFacebook\u00a0\u00bb button_two_url=\u00a0\u00bbhttps:\/\/www.facebook.com\/EzimnyamaArts\/\u00a0\u00bb header_image_url=\u00a0\u00bbhttps:\/\/fifo.ch\/wp-content\/uploads\/2022\/04\/FIFO-2022_zimbabwe_entete_coeur_1.png\u00a0\u00bb disabled_on=\u00a0\u00bbon|on|off\u00a0\u00bb _builder_version=\u00a0\u00bb4.17.0&Prime; _module_preset=\u00a0\u00bbdefault\u00a0\u00bb title_font=\u00a0\u00bb|700|||||||\u00a0\u00bb title_text_color=\u00a0\u00bb#ec008c\u00a0\u00bb title_font_size=\u00a0\u00bb38px\u00a0\u00bb title_letter_spacing=\u00a0\u00bb5px\u00a0\u00bb content_font=\u00a0\u00bb||||||||\u00a0\u00bb content_text_color=\u00a0\u00bb#ec008c\u00a0\u00bb content_letter_spacing=\u00a0\u00bb5px\u00a0\u00bb subhead_text_color=\u00a0\u00bb#ec008c\u00a0\u00bb subhead_font_size=\u00a0\u00bb23px\u00a0\u00bb subhead_letter_spacing=\u00a0\u00bb6px\u00a0\u00bb subhead_line_height=\u00a0\u00bb3em\u00a0\u00bb background_color=\u00a0\u00bb#FFFFFF\u00a0\u00bb background_image=\u00a0\u00bbhttps:\/\/fifo.ch\/wp-content\/uploads\/2022\/04\/FIFO-2022_zimbabwe_entete_1.png\u00a0\u00bb background_position=\u00a0\u00bbtop_center\u00a0\u00bb custom_button_one=\u00a0\u00bbon\u00a0\u00bb button_one_text_size=\u00a0\u00bb30px\u00a0\u00bb button_one_text_color=\u00a0\u00bb#FFFFFF\u00a0\u00bb button_one_font=\u00a0\u00bb||||||||\u00a0\u00bb button_one_icon=\u00a0\u00bb&#x35;||divi||400&Prime; button_one_icon_color=\u00a0\u00bb#ec008c\u00a0\u00bb custom_button_two=\u00a0\u00bbon\u00a0\u00bb button_two_text_size=\u00a0\u00bb30px\u00a0\u00bb button_two_text_color=\u00a0\u00bb#FFFFFF\u00a0\u00bb button_two_icon=\u00a0\u00bb&#x35;||divi||400&Prime; button_two_icon_color=\u00a0\u00bb#ec008c\u00a0\u00bb custom_padding=\u00a0\u00bb50px|||||\u00a0\u00bb link_option_url_new_window=\u00a0\u00bbon\u00a0\u00bb title_text_shadow_style=\u00a0\u00bbpreset2&Prime; title_text_shadow_blur_strength=\u00a0\u00bb0.26em\u00a0\u00bb title_text_shadow_color=\u00a0\u00bb#000000&Prime; content_text_shadow_style=\u00a0\u00bbpreset2&Prime; content_text_shadow_blur_strength=\u00a0\u00bb0.26em\u00a0\u00bb content_text_shadow_color=\u00a0\u00bb#000000&Prime; subhead_text_shadow_style=\u00a0\u00bbpreset2&Prime; subhead_text_shadow_blur_strength=\u00a0\u00bb0.26em\u00a0\u00bb subhead_text_shadow_color=\u00a0\u00bb#000000&Prime; locked=\u00a0\u00bboff\u00a0\u00bb global_colors_info=\u00a0\u00bb{}\u00a0\u00bb]<\/p>\n<h1 style=\"text-align: justify;\"><span style=\"color: #ec008c;\"><span style=\"font-size: x-large;\"><span>L&rsquo;ensemble a \u00e9t\u00e9 fond\u00e9 par celui qui est en son directeur\u00a0artistique, Monsieur Phibion NCUBE.\u00a0<\/span><\/span><\/span><\/h1>\n<p><span style=\"color: #e02b20; font-size: x-large;\"><\/span><\/p>\n<p>[\/et_pb_fullwidth_header][et_pb_fullwidth_header title=\u00a0\u00bbZimbabwe (Bulawayo)\u00a0\u00bb subhead=\u00a0\u00bbEzimnyama Dance Company &#8211; Bulawayo\u00a0\u00bb header_scroll_down=\u00a0\u00bbon\u00a0\u00bb scroll_down_icon=\u00a0\u00bb%%8%%\u00a0\u00bb scroll_down_icon_color=\u00a0\u00bb#ec008c\u00a0\u00bb button_one_text=\u00a0\u00bbSite internet\u00a0\u00bb button_one_url=\u00a0\u00bbhttp:\/\/www.ezimnyama.org\/\u00a0\u00bb button_two_text=\u00a0\u00bbFacebook\u00a0\u00bb button_two_url=\u00a0\u00bbhttps:\/\/www.facebook.com\/EzimnyamaArts\/\u00a0\u00bb logo_image_url=\u00a0\u00bbhttps:\/\/fifo.ch\/wp-content\/uploads\/2022\/04\/FIFO-2022_zimbabwe_entete_coeur_1.png\u00a0\u00bb disabled_on=\u00a0\u00bboff|off|on\u00a0\u00bb _builder_version=\u00a0\u00bb4.17.0&Prime; _module_preset=\u00a0\u00bbdefault\u00a0\u00bb title_font=\u00a0\u00bb|700|||||||\u00a0\u00bb title_text_color=\u00a0\u00bb#ec008c\u00a0\u00bb title_font_size=\u00a0\u00bb38px\u00a0\u00bb title_letter_spacing=\u00a0\u00bb5px\u00a0\u00bb content_font=\u00a0\u00bb||||||||\u00a0\u00bb content_text_color=\u00a0\u00bb#ec008c\u00a0\u00bb content_letter_spacing=\u00a0\u00bb5px\u00a0\u00bb subhead_text_color=\u00a0\u00bb#ec008c\u00a0\u00bb subhead_font_size=\u00a0\u00bb23px\u00a0\u00bb subhead_letter_spacing=\u00a0\u00bb6px\u00a0\u00bb subhead_line_height=\u00a0\u00bb3em\u00a0\u00bb background_color=\u00a0\u00bb#FFFFFF\u00a0\u00bb background_image=\u00a0\u00bbhttps:\/\/fifo.ch\/wp-content\/uploads\/2022\/04\/FIFO-2022_zimbabwe_entete_mob_1.png\u00a0\u00bb background_position=\u00a0\u00bbtop_center\u00a0\u00bb custom_button_one=\u00a0\u00bbon\u00a0\u00bb button_one_text_size=\u00a0\u00bb30px\u00a0\u00bb button_one_text_color=\u00a0\u00bb#FFFFFF\u00a0\u00bb button_one_font=\u00a0\u00bb||||||||\u00a0\u00bb button_one_icon=\u00a0\u00bb&#x35;||divi||400&Prime; button_one_icon_color=\u00a0\u00bb#ec008c\u00a0\u00bb custom_button_two=\u00a0\u00bbon\u00a0\u00bb button_two_text_size=\u00a0\u00bb30px\u00a0\u00bb button_two_text_color=\u00a0\u00bb#FFFFFF\u00a0\u00bb button_two_icon=\u00a0\u00bb&#x35;||divi||400&Prime; button_two_icon_color=\u00a0\u00bb#ec008c\u00a0\u00bb custom_padding=\u00a0\u00bb50px|||||\u00a0\u00bb link_option_url_new_window=\u00a0\u00bbon\u00a0\u00bb title_text_shadow_style=\u00a0\u00bbpreset2&Prime; title_text_shadow_blur_strength=\u00a0\u00bb0.26em\u00a0\u00bb title_text_shadow_color=\u00a0\u00bb#000000&Prime; content_text_shadow_style=\u00a0\u00bbpreset2&Prime; content_text_shadow_blur_strength=\u00a0\u00bb0.26em\u00a0\u00bb content_text_shadow_color=\u00a0\u00bb#000000&Prime; subhead_text_shadow_style=\u00a0\u00bbpreset2&Prime; subhead_text_shadow_blur_strength=\u00a0\u00bb0.26em\u00a0\u00bb subhead_text_shadow_color=\u00a0\u00bb#000000&Prime; locked=\u00a0\u00bboff\u00a0\u00bb global_colors_info=\u00a0\u00bb{}\u00a0\u00bb]<\/p>\n<h3><span style=\"color: #ec008c;\"><span style=\"font-size: x-large;\">L&rsquo;ensemble a \u00e9t\u00e9 fond\u00e9 par celui qui est en son directeur\u00a0artistique, Monsieur Phibion NCUBE.\u00a0<\/span><\/span><\/h3>\n<p><span style=\"color: #e02b20; font-size: x-large;\"><\/span><\/p>\n<p>[\/et_pb_fullwidth_header][\/et_pb_section][et_pb_section fb_built=\u00a0\u00bb1&Prime; specialty=\u00a0\u00bbon\u00a0\u00bb _builder_version=\u00a0\u00bb4.16&Prime; _module_preset=\u00a0\u00bbdefault\u00a0\u00bb bottom_divider_style=\u00a0\u00bbmountains2&Prime; bottom_divider_color=\u00a0\u00bb#ec008c\u00a0\u00bb bottom_divider_height=\u00a0\u00bb82px\u00a0\u00bb bottom_divider_flip=\u00a0\u00bbhorizontal\u00a0\u00bb locked=\u00a0\u00bboff\u00a0\u00bb global_colors_info=\u00a0\u00bb{}\u00a0\u00bb][et_pb_column type=\u00a0\u00bb1_2&Prime; _builder_version=\u00a0\u00bb4.16&Prime; custom_padding=\u00a0\u00bb|||\u00a0\u00bb global_colors_info=\u00a0\u00bb{}\u00a0\u00bb custom_padding__hover=\u00a0\u00bb|||\u00a0\u00bb][et_pb_text _builder_version=\u00a0\u00bb4.17.0&Prime; _module_preset=\u00a0\u00bbdefault\u00a0\u00bb text_letter_spacing=\u00a0\u00bb3px\u00a0\u00bb global_colors_info=\u00a0\u00bb{}\u00a0\u00bb]<\/p>\n<blockquote>\n<p style=\"text-align: justify;\"><span style=\"font-size: large;\"><span>Son objectif \u00e9tait de promouvoir la culture de ce peuple\u00a0dans le monde entier et de pr\u00e9server ainsi ses traditions populaires. L\u2019expression artistique du groupe, sous toutes ses formes, est empreinte d\u2019une na\u00efvet\u00e9 joyeuse\u00a0et exub\u00e9rante. De tous les arts, la musique et la danse sont ceux qui ont \u00e9volu\u00e9 avec le plus de\u00a0cr\u00e9ativit\u00e9 et d\u2019authenticit\u00e9.<\/span><\/span><\/p>\n<\/blockquote>\n<p style=\"text-align: justify;\"><span style=\"font-size: large;\">Le \u00abMafaro\u00bb d\u00e9signe \u00e0 la fois la danse et le tambour, v\u00e9ritable roi\u00a0des instruments traditionnels. Il ponctue les arriv\u00e9es et les d\u00e9parts et, dans les soci\u00e9t\u00e9s\u00a0agraires, est utilis\u00e9 dans une danse appel\u00e9e \u00abSiyajabula\u00bb o\u00f9 il sert \u00e0 donner du courage.<\/span><\/p>\n<p style=\"text-align: justify;\"><span style=\"font-size: large;\">Divertissement, mode d\u2019expression des \u00e9motions, la danse sert aussi \u00e0 communiquer sa joie\u00a0de vivre, sa compassion et la tol\u00e9rance Le \u00abHuya Titambe\u00bb, spectacle nocturne donn\u00e9 par des\u00a0danseurs accompagn\u00e9s d\u2019un orchestre de quarante instruments et tambours, est tr\u00e8s populaire\u00a0\u00e0 Bulawayo, ville d\u2019origine du groupe. Des femmes en tenue de soir\u00e9e \u00e9tincelante\u00a0s\u2019approchent lentement des hommes en dansant et en leur offrant des pr\u00e9sents pour qu\u2019ils\u00a0chantent des couplets qui parlent de leur vie et de leur avenir. Alors, la musique m\u00eale\u00a0influences europ\u00e9ennes et africaines. C\u2019est tout cela que va vous offrir l\u2019ensemble folklorique\u00a0\u00abEzimnyama Dance Company\u00bb.<\/span><\/p>\n<p style=\"text-align: justify;\"><span style=\"font-size: large;\">Le Zimbabwe grandit avec ses traditions les plus anciennes et regarde l\u2019avenir avec\u00a0optimisme m\u00eame si les circonstances et les hommes ne l\u2019y aident pas toujours.<\/span><\/p>\n<p>[\/et_pb_text][et_pb_text _builder_version=\u00a0\u00bb4.17.0&Prime; _module_preset=\u00a0\u00bbdefault\u00a0\u00bb global_colors_info=\u00a0\u00bb{}\u00a0\u00bb]<\/p>\n<p>La pr\u00e9sence de cet ensemble s\u2019est r\u00e9alis\u00e9e gr\u00e2ce au concours de <a href=\"https:\/\/festivalsdusud.com\/\" target=\"_blank\" rel=\"noopener\">Festivals du Sud<\/a>.<\/p>\n<p>[\/et_pb_text][et_pb_image src=\u00a0\u00bbhttps:\/\/fifo.ch\/wp-content\/uploads\/2022\/04\/Festivals-du-sud-postit-autobus-140-x-30-scaled.jpg\u00a0\u00bb title_text=\u00a0\u00bbFestivals du sud &#8211; post&rsquo;it autobus 140 x 30&Prime; url=\u00a0\u00bbhttps:\/\/festivalsdusud.com\/\u00a0\u00bb url_new_window=\u00a0\u00bbon\u00a0\u00bb _builder_version=\u00a0\u00bb4.17.0&Prime; _module_preset=\u00a0\u00bbdefault\u00a0\u00bb global_colors_info=\u00a0\u00bb{}\u00a0\u00bb][\/et_pb_image][\/et_pb_column][et_pb_column type=\u00a0\u00bb1_2&Prime; specialty_columns=\u00a0\u00bb2&Prime; _builder_version=\u00a0\u00bb4.16&Prime; custom_padding=\u00a0\u00bb|||\u00a0\u00bb global_colors_info=\u00a0\u00bb{}\u00a0\u00bb custom_padding__hover=\u00a0\u00bb|||\u00a0\u00bb][et_pb_row_inner column_structure=\u00a0\u00bb1_2,1_2&Prime; _builder_version=\u00a0\u00bb4.16&Prime; _module_preset=\u00a0\u00bbdefault\u00a0\u00bb global_colors_info=\u00a0\u00bb{}\u00a0\u00bb][et_pb_column_inner type=\u00a0\u00bb1_2&Prime; saved_specialty_column_type=\u00a0\u00bb1_2&Prime; _builder_version=\u00a0\u00bb4.16&Prime; _module_preset=\u00a0\u00bbdefault\u00a0\u00bb global_colors_info=\u00a0\u00bb{}\u00a0\u00bb][et_pb_button button_url=\u00a0\u00bb#agzimbabwe\u00a0\u00bb button_text=\u00a0\u00bbAGENDA\u00a0\u00bb _builder_version=\u00a0\u00bb4.17.0&Prime; _module_preset=\u00a0\u00bbdefault\u00a0\u00bb global_colors_info=\u00a0\u00bb{}\u00a0\u00bb][\/et_pb_button][\/et_pb_column_inner][et_pb_column_inner type=\u00a0\u00bb1_2&Prime; saved_specialty_column_type=\u00a0\u00bb1_2&Prime; _builder_version=\u00a0\u00bb4.16&Prime; _module_preset=\u00a0\u00bbdefault\u00a0\u00bb global_colors_info=\u00a0\u00bb{}\u00a0\u00bb][et_pb_button button_text=\u00a0\u00bbBILLETTERIE\u00a0\u00bb _builder_version=\u00a0\u00bb4.17.0&Prime; _module_preset=\u00a0\u00bbdefault\u00a0\u00bb custom_button=\u00a0\u00bbon\u00a0\u00bb button_text_color=\u00a0\u00bb#FFFFFF\u00a0\u00bb button_bg_color=\u00a0\u00bb#ec008c\u00a0\u00bb button_border_color=\u00a0\u00bb#ec008c\u00a0\u00bb button_icon_color=\u00a0\u00bb#FFFFFF\u00a0\u00bb hover_enabled=\u00a0\u00bb0&Prime; global_colors_info=\u00a0\u00bb{}\u00a0\u00bb button_url=\u00a0\u00bbhttps:\/\/www.fifo.ch\/billetterie2022\/\u00a0\u00bb sticky_enabled=\u00a0\u00bb0&Prime;][\/et_pb_button][\/et_pb_column_inner][\/et_pb_row_inner][et_pb_row_inner _builder_version=\u00a0\u00bb4.16&Prime; _module_preset=\u00a0\u00bbdefault\u00a0\u00bb global_colors_info=\u00a0\u00bb{}\u00a0\u00bb][et_pb_column_inner saved_specialty_column_type=\u00a0\u00bb1_2&Prime; _builder_version=\u00a0\u00bb4.16&Prime; _module_preset=\u00a0\u00bbdefault\u00a0\u00bb global_colors_info=\u00a0\u00bb{}\u00a0\u00bb][et_pb_video_slider _builder_version=\u00a0\u00bb4.17.0&Prime; _module_preset=\u00a0\u00bbdefault\u00a0\u00bb global_colors_info=\u00a0\u00bb{}\u00a0\u00bb][et_pb_video_slider_item src=\u00a0\u00bbhttps:\/\/youtu.be\/Fb2p35f7lB4&Prime; _builder_version=\u00a0\u00bb4.17.0&Prime; _module_preset=\u00a0\u00bbdefault\u00a0\u00bb global_colors_info=\u00a0\u00bb{}\u00a0\u00bb show_image_overlay=\u00a0\u00bboff\u00a0\u00bb][\/et_pb_video_slider_item][\/et_pb_video_slider][et_pb_gallery gallery_ids=\u00a0\u00bb34005,34004,34003,34006,34007&Prime; gallery_orderby=\u00a0\u00bbrand\u00a0\u00bb show_title_and_caption=\u00a0\u00bboff\u00a0\u00bb _builder_version=\u00a0\u00bb4.17.0&Prime; _module_preset=\u00a0\u00bbdefault\u00a0\u00bb global_colors_info=\u00a0\u00bb{}\u00a0\u00bb][\/et_pb_gallery][et_pb_button button_url=\u00a0\u00bbhttps:\/\/instagram.com\/ezimnyamaarts?igshid=yi4immng0mju\u00a0\u00bb url_new_window=\u00a0\u00bbon\u00a0\u00bb button_text=\u00a0\u00bbInstagram\u00a0\u00bb _builder_version=\u00a0\u00bb4.17.0&Prime; _module_preset=\u00a0\u00bbdefault\u00a0\u00bb global_colors_info=\u00a0\u00bb{}\u00a0\u00bb][\/et_pb_button][et_pb_gallery gallery_ids=\u00a0\u00bb29531,29530,29529,29527,29526&Prime; gallery_orderby=\u00a0\u00bbrand\u00a0\u00bb show_title_and_caption=\u00a0\u00bboff\u00a0\u00bb _builder_version=\u00a0\u00bb4.16&Prime; _module_preset=\u00a0\u00bbdefault\u00a0\u00bb global_colors_info=\u00a0\u00bb{}\u00a0\u00bb][\/et_pb_gallery][\/et_pb_column_inner][\/et_pb_row_inner][\/et_pb_column][\/et_pb_section][et_pb_section fb_built=\u00a0\u00bb1&Prime; fullwidth=\u00a0\u00bbon\u00a0\u00bb disabled_on=\u00a0\u00bboff|off|off\u00a0\u00bb _builder_version=\u00a0\u00bb4.16&Prime; _module_preset=\u00a0\u00bbdefault\u00a0\u00bb bottom_divider_color=\u00a0\u00bb#ec008c\u00a0\u00bb global_colors_info=\u00a0\u00bb{}\u00a0\u00bb][et_pb_fullwidth_post_slider include_categories=\u00a0\u00bb6&Prime; orderby=\u00a0\u00bbrand\u00a0\u00bb excerpt_length=\u00a0\u00bb150&Prime; show_meta=\u00a0\u00bboff\u00a0\u00bb show_image_video_mobile=\u00a0\u00bbon\u00a0\u00bb _builder_version=\u00a0\u00bb4.16&Prime; _module_preset=\u00a0\u00bbdefault\u00a0\u00bb background_color=\u00a0\u00bbRGBA(255,255,255,0)\u00a0\u00bb background_enable_image=\u00a0\u00bboff\u00a0\u00bb custom_button=\u00a0\u00bbon\u00a0\u00bb button_icon_color=\u00a0\u00bb#EC008C\u00a0\u00bb global_colors_info=\u00a0\u00bb{}\u00a0\u00bb][\/et_pb_fullwidth_post_slider][\/et_pb_section][et_pb_section fb_built=\u00a0\u00bb1&Prime; fullwidth=\u00a0\u00bbon\u00a0\u00bb disabled_on=\u00a0\u00bboff|off|on\u00a0\u00bb _builder_version=\u00a0\u00bb4.16&Prime; _module_preset=\u00a0\u00bbdefault\u00a0\u00bb bottom_divider_color=\u00a0\u00bb#ec008c\u00a0\u00bb global_colors_info=\u00a0\u00bb{}\u00a0\u00bb][\/et_pb_section][et_pb_section fb_built=\u00a0\u00bb1&Prime; module_id=\u00a0\u00bbagzimbabwe\u00a0\u00bb _builder_version=\u00a0\u00bb4.17.0&Prime; _module_preset=\u00a0\u00bbdefault\u00a0\u00bb global_colors_info=\u00a0\u00bb{}\u00a0\u00bb][et_pb_row _builder_version=\u00a0\u00bb4.17.0&Prime; _module_preset=\u00a0\u00bbdefault\u00a0\u00bb global_colors_info=\u00a0\u00bb{}\u00a0\u00bb][et_pb_column type=\u00a0\u00bb4_4&Prime; _builder_version=\u00a0\u00bb4.17.0&Prime; _module_preset=\u00a0\u00bbdefault\u00a0\u00bb global_colors_info=\u00a0\u00bb{}\u00a0\u00bb][et_pb_code _builder_version=\u00a0\u00bb4.17.0&Prime; _module_preset=\u00a0\u00bbdefault\u00a0\u00bb global_colors_info=\u00a0\u00bb{}\u00a0\u00bb]<div class=\"simcal-calendar simcal-default-calendar simcal-default-calendar-list simcal-default-calendar-light\" data-calendar-id=\"34423\" data-timezone=\"Europe\/Zurich\" data-offset=\"7200\" data-week-start=\"1\" data-calendar-start=\"1659218400\" data-calendar-end=\"1659821400\" data-events-first=\"1659283200\" data-events-last=\"1659821400\"><div class=\"simcal-calendar-list \"><dl class=\"simcal-events-list-container\" data-prev=\"1658527200\" data-next=\"1659909600\" data-heading-small=\"Jul - Aug 2022\" data-heading-large=\"July - August, 2022\">\t<dt class=\"simcal-day-label\" style=\"border-bottom: 1px solid #ec008c;\" ><span style=\"background-color: #ec008c; color: #ffffff;\"><span class=\"simcal-date-format\" data-date-format=\"j F Y\">31 July 2022<\/span> <\/span><\/dt>\n<dd class=\"simcal-weekday-0 simcal-past simcal-day simcal-day-has-events simcal-day-has-1-events simcal-events-calendar-34423\" data-events-count=\"1\">\n\t<ul class=\"simcal-events\">\n\t<li class=\"simcal-event simcal-event-has-location simcal-events-calendar-34423\" style=\"\" itemscope itemtype=\"http:\/\/schema.org\/Event\" data-start=\"1659283200\">\n\t\t<div class=\"simcal-event-details\"><h1><strong><span class=\"simcal-event-start simcal-event-start-time\" data-event-start=\"1659283200\" data-event-format=\"G\\hi\" itemprop=\"startDate\" content=\"2022-07-31T18:00:00+02:00\">18h00<\/span> <span class=\"simcal-event-title\" itemprop=\"name\">Tradi&#039;village: Animation Morgins - Zimbabwe<\/span><\/strong><\/h1>\n<h5> <span class=\"simcal-event-address simcal-event-start-location\" itemprop=\"location\" itemscope itemtype=\"http:\/\/schema.org\/Place\"><meta itemprop=\"name\" content=\"Rte du Village 1, 1875 Morgins, Suisse\" \/><meta itemprop=\"address\" content=\"Rte du Village 1, 1875 Morgins, Suisse\" \/>Rte du Village 1, 1875 Morgins, Suisse<\/span> \u00a0<strong> <a href=\"\/\/maps.google.com?q=Rte+du+Village+1%2C+1875+Morgins%2C+Suisse\" target=\"_blank\" ><\/strong><span style=\"color: #ec008c\">Afficher sur la carte<\/span><strong><\/a><\/strong><\/h5>\n<h3><div class=\"simcal-event-description\" itemprop=\"description\"><p>\ud83c\udf87 Le FIFO anime la\ud83c\udde8\ud83c\uddedF\u00eate Nationale Suisse\ud83c\udde8\ud83c\uddeddans les Villages Valaisans. \ud83c\udf86<\/p>\n<\/div><\/h3><\/div>\n\t<\/li>\n<\/ul>\n\n<\/dd>\n\t<dt class=\"simcal-day-label\" style=\"border-bottom: 1px solid #ec008c;\" ><span style=\"background-color: #ec008c; color: #ffffff;\"><span class=\"simcal-date-format\" data-date-format=\"j F Y\">1 August 2022<\/span> <\/span><\/dt>\n<dd class=\"simcal-weekday-1 simcal-past simcal-day simcal-day-has-events simcal-day-has-1-events simcal-events-calendar-34423 simcal-day-has-events simcal-day-has-2-events simcal-events-calendar-34423\" data-events-count=\"2\">\n\t<ul class=\"simcal-events\">\n\t<li class=\"simcal-event simcal-event-has-location simcal-events-calendar-34423\" style=\"\" itemscope itemtype=\"http:\/\/schema.org\/Event\" data-start=\"1659344400\">\n\t\t<div class=\"simcal-event-details\"><h1><strong><span class=\"simcal-event-start simcal-event-start-time\" data-event-start=\"1659344400\" data-event-format=\"G\\hi\" itemprop=\"startDate\" content=\"2022-08-01T11:00:00+02:00\">11h00<\/span> <span class=\"simcal-event-title\" itemprop=\"name\">Tradi&#039;village: Animation Lens - Zimbabwe<\/span><\/strong><\/h1>\n<h5> <span class=\"simcal-event-address simcal-event-start-location\" itemprop=\"location\" itemscope itemtype=\"http:\/\/schema.org\/Place\"><meta itemprop=\"name\" content=\"Rue Principale 17, 1978 Lens, Suisse\" \/><meta itemprop=\"address\" content=\"Rue Principale 17, 1978 Lens, Suisse\" \/>Rue Principale 17, 1978 Lens, Suisse<\/span> \u00a0<strong> <a href=\"\/\/maps.google.com?q=Rue+Principale+17%2C+1978+Lens%2C+Suisse\" target=\"_blank\" ><\/strong><span style=\"color: #ec008c\">Afficher sur la carte<\/span><strong><\/a><\/strong><\/h5>\n<h3><div class=\"simcal-event-description\" itemprop=\"description\"><p>\ud83c\udf87 Le FIFO anime la\ud83c\udde8\ud83c\uddedF\u00eate Nationale Suisse\ud83c\udde8\ud83c\uddeddans les Villages Valaisans. \ud83c\udf86<\/p>\n<\/div><\/h3><\/div>\n\t<\/li>\n\t<li class=\"simcal-event simcal-event-has-location simcal-events-calendar-34423\" style=\"\" itemscope itemtype=\"http:\/\/schema.org\/Event\" data-start=\"1659376800\">\n\t\t<div class=\"simcal-event-details\"><h1><strong><span class=\"simcal-event-start simcal-event-start-time\" data-event-start=\"1659376800\" data-event-format=\"G\\hi\" itemprop=\"startDate\" content=\"2022-08-01T20:00:00+02:00\">20h00<\/span> <span class=\"simcal-event-title\" itemprop=\"name\">Tradi&#039;place: Animation - Zimbabwe<\/span><\/strong><\/h1>\n<h5> <span class=\"simcal-event-address simcal-event-start-location\" itemprop=\"location\" itemscope itemtype=\"http:\/\/schema.org\/Place\"><meta itemprop=\"name\" content=\"Place Centrale, Pl. Centrale, 1920 Martigny, Suisse\" \/><meta itemprop=\"address\" content=\"Place Centrale, Pl. Centrale, 1920 Martigny, Suisse\" \/>Place Centrale, Pl. Centrale, 1920 Martigny, Suisse<\/span> \u00a0<strong> <a href=\"\/\/maps.google.com?q=Place+Centrale%2C+Pl.+Centrale%2C+1920+Martigny%2C+Suisse\" target=\"_blank\" ><\/strong><span style=\"color: #ec008c\">Afficher sur la carte<\/span><strong><\/a><\/strong><\/h5>\n<h3><div class=\"simcal-event-description\" itemprop=\"description\"><p>\ud83c\udf87 Le FIFO anime la\ud83c\udde8\ud83c\uddedF\u00eate Nationale Suisse\ud83c\udde8\ud83c\uddedau Coeur de Martigny. \ud83c\udf86<\/p>\n<\/div><\/h3><\/div>\n\t<\/li>\n<\/ul>\n\n<\/dd>\n\t<dt class=\"simcal-day-label\" style=\"border-bottom: 1px solid #ec008c;\" ><span style=\"background-color: #ec008c; color: #ffffff;\"><span class=\"simcal-date-format\" data-date-format=\"j F Y\">2 August 2022<\/span> <\/span><\/dt>\n<dd class=\"simcal-weekday-2 simcal-past simcal-day simcal-day-has-events simcal-day-has-1-events simcal-events-calendar-34423 simcal-day-has-events simcal-day-has-2-events simcal-events-calendar-34423 simcal-day-has-events simcal-day-has-3-events simcal-events-calendar-34423 simcal-day-has-events simcal-day-has-4-events simcal-events-calendar-34423\" data-events-count=\"4\">\n\t<ul class=\"simcal-events\">\n\t<li class=\"simcal-event simcal-event-has-location simcal-events-calendar-34423\" style=\"\" itemscope itemtype=\"http:\/\/schema.org\/Event\" data-start=\"1659456900\">\n\t\t<div class=\"simcal-event-details\"><h1><strong><span class=\"simcal-event-start simcal-event-start-time\" data-event-start=\"1659456900\" data-event-format=\"G\\hi\" itemprop=\"startDate\" content=\"2022-08-02T18:15:00+02:00\">18h15<\/span> <span class=\"simcal-event-title\" itemprop=\"name\">Animation<\/span><\/strong><\/h1>\n<h5> <span class=\"simcal-event-address simcal-event-start-location\" itemprop=\"location\" itemscope itemtype=\"http:\/\/schema.org\/Place\"><meta itemprop=\"name\" content=\"Place Centrale, Pl. Centrale, 1920 Martigny, Suisse\" \/><meta itemprop=\"address\" content=\"Place Centrale, Pl. Centrale, 1920 Martigny, Suisse\" \/>Place Centrale, Pl. Centrale, 1920 Martigny, Suisse<\/span> \u00a0<strong> <a href=\"\/\/maps.google.com?q=Place+Centrale%2C+Pl.+Centrale%2C+1920+Martigny%2C+Suisse\" target=\"_blank\" ><\/strong><span style=\"color: #ec008c\">Afficher sur la carte<\/span><strong><\/a><\/strong><\/h5>\n<h3><div class=\"simcal-event-description\" itemprop=\"description\"><p><u><\/u><u><\/u><u><\/u>\ud83c\udfac \u00c7a commence!! Tous les ensembles du festival vous accueillent au Coeur de Martigny.\ud83d\udc97<br \/>\ud83c\udf27 Par mauvais temps d\u00e9placement \u00e0 la Salle du Midi. <br \/><u><\/u>\ud83c\udde8\ud83c\udded\ud83c\udde8\ud83c\uddff\ud83c\uddea\ud83c\udde8\ud83c\uddee\ud83c\uddf9\ud83c\uddf2\ud83c\udde9\ud83c\uddf2\ud83c\uddff\ud83c\uddf3\ud83c\uddf5\ud83c\uddf7\ud83c\uddf8<br \/>Vallensis Highlanders -&nbsp;Equateur -&nbsp;Serbie -&nbsp;Italie -&nbsp;H\u00e9loHe\u00efdi -&nbsp;N\u00e9pal -&nbsp;R\u00e9publique tch\u00e8que -&nbsp;Zimbabwe -&nbsp;Moldavie&nbsp;<br \/><u><\/u><\/p>\n<\/div><\/h3><\/div>\n\t<\/li>\n\t<li class=\"simcal-event simcal-event-has-location simcal-events-calendar-34423\" style=\"\" itemscope itemtype=\"http:\/\/schema.org\/Event\" data-start=\"1659458700\">\n\t\t<div class=\"simcal-event-details\"><h1><strong><span class=\"simcal-event-start simcal-event-start-time\" data-event-start=\"1659458700\" data-event-format=\"G\\hi\" itemprop=\"startDate\" content=\"2022-08-02T18:45:00+02:00\">18h45<\/span> <span class=\"simcal-event-title\" itemprop=\"name\">C\u00e9r\u00e9monie d&#039;ouverture<\/span><\/strong><\/h1>\n<h5> <span class=\"simcal-event-address simcal-event-start-location\" itemprop=\"location\" itemscope itemtype=\"http:\/\/schema.org\/Place\"><meta itemprop=\"name\" content=\"Place Centrale, 1920 Martigny, Suisse\" \/><meta itemprop=\"address\" content=\"Place Centrale, 1920 Martigny, Suisse\" \/>Place Centrale, 1920 Martigny, Suisse<\/span> \u00a0<strong> <a href=\"\/\/maps.google.com?q=Place+Centrale%2C+1920+Martigny%2C+Suisse\" target=\"_blank\" ><\/strong><span style=\"color: #ec008c\">Afficher sur la carte<\/span><strong><\/a><\/strong><\/h5>\n<h3><div class=\"simcal-event-description\" itemprop=\"description\"><p><u><\/u>Le Co-Pr\u00e9sident \ud83e\udd39\u200d\u2642\ufe0f du FIFO donne les drapeaux \ud83c\udfc1, signe de paix, aux ensembles.<br \/>\ud83c\udf27 Par mauvais temps d\u00e9placement \u00e0 la Salle du Midi.<u><\/u><br \/>\ud83c\udde8\ud83c\udded\ud83c\udde8\ud83c\uddff\ud83c\uddea\ud83c\udde8\ud83c\uddee\ud83c\uddf9\ud83c\uddf2\ud83c\udde9\ud83c\uddf2\ud83c\uddff\ud83c\uddf3\ud83c\uddf5\ud83c\uddf7\ud83c\uddf8<br \/>Vallensis Highlanders -&nbsp;Equateur -&nbsp;Serbie -&nbsp;Italie -&nbsp;H\u00e9loHe\u00efdi -&nbsp;N\u00e9pal -&nbsp;R\u00e9publique tch\u00e8que -&nbsp;Zimbabwe -&nbsp;Moldavie&nbsp;<\/p>\n<\/div><\/h3><\/div>\n\t<\/li>\n\t<li class=\"simcal-event simcal-event-has-location simcal-events-calendar-34423\" style=\"\" itemscope itemtype=\"http:\/\/schema.org\/Event\" data-start=\"1659460500\">\n\t\t<div class=\"simcal-event-details\"><h1><strong><span class=\"simcal-event-start simcal-event-start-time\" data-event-start=\"1659460500\" data-event-format=\"G\\hi\" itemprop=\"startDate\" content=\"2022-08-02T19:15:00+02:00\">19h15<\/span> <span class=\"simcal-event-title\" itemprop=\"name\">Parade des nations<\/span><\/strong><\/h1>\n<h5> <span class=\"simcal-event-address simcal-event-start-location\" itemprop=\"location\" itemscope itemtype=\"http:\/\/schema.org\/Place\"><meta itemprop=\"name\" content=\"Martigny Place Centrale - Rue de l&#039;H\u00f4tel-de-Ville - Rue des Marronniers - Rue du Simplon - Salle du Midi\" \/><meta itemprop=\"address\" content=\"Martigny Place Centrale - Rue de l&#039;H\u00f4tel-de-Ville - Rue des Marronniers - Rue du Simplon - Salle du Midi\" \/>Martigny Place Centrale - Rue de l&#039;H\u00f4tel-de-Ville - Rue des Marronniers - Rue du Simplon - Salle du Midi<\/span> \u00a0<strong> <a href=\"\/\/maps.google.com?q=Martigny+Place+Centrale+-+Rue+de+l%26%23039%3BH%C3%B4tel-de-Ville+-+Rue+des+Marronniers+-+Rue+du+Simplon+-+Salle+du+Midi\" target=\"_blank\" ><\/strong><span style=\"color: #ec008c\">Afficher sur la carte<\/span><strong><\/a><\/strong><\/h5>\n<h3><div class=\"simcal-event-description\" itemprop=\"description\"><p>D\u00e9fil\u00e9 entre la Place centrale et la Salle du Midi<br \/>Martigny Place Centrale - Rue de l'H\u00f4tel-de-Ville - Rue des Marronniers - Rue du Simplon - Salle du Midi<br \/>\ud83c\udf27 Annul\u00e9 par mauvais temps<br \/>\ud83c\udde8\ud83c\udded\ud83c\udde8\ud83c\uddff\ud83c\uddea\ud83c\udde8\ud83c\uddee\ud83c\uddf9\ud83c\uddf2\ud83c\udde9\ud83c\uddf2\ud83c\uddff\ud83c\uddf3\ud83c\uddf5\ud83c\uddf7\ud83c\uddf8<br \/>Vallensis Highlanders -&nbsp;Equateur -&nbsp;Serbie -&nbsp;Italie -&nbsp;H\u00e9loHe\u00efdi -&nbsp;N\u00e9pal -&nbsp;R\u00e9publique tch\u00e8que -&nbsp;Zimbabwe -&nbsp;Moldavie&nbsp;<\/p>\n<\/div><\/h3><\/div>\n\t<\/li>\n\t<li class=\"simcal-event simcal-event-has-location simcal-events-calendar-34423\" style=\"\" itemscope itemtype=\"http:\/\/schema.org\/Event\" data-start=\"1659465000\">\n\t\t<div class=\"simcal-event-details\"><h1><strong><span class=\"simcal-event-start simcal-event-start-time\" data-event-start=\"1659465000\" data-event-format=\"G\\hi\" itemprop=\"startDate\" content=\"2022-08-02T20:30:00+02:00\">20h30<\/span> <span class=\"simcal-event-title\" itemprop=\"name\">Spectacle d&#039;Ouverture - Les Coeurs battent \u00e0 l&#039;unisson<\/span><\/strong><\/h1>\n<h5> <span class=\"simcal-event-address simcal-event-start-location\" itemprop=\"location\" itemscope itemtype=\"http:\/\/schema.org\/Place\"><meta itemprop=\"name\" content=\"Salle Du Midi, Rue du Simplon 4c, 1920 Martigny, Suisse\" \/><meta itemprop=\"address\" content=\"Salle Du Midi, Rue du Simplon 4c, 1920 Martigny, Suisse\" \/>Salle Du Midi, Rue du Simplon 4c, 1920 Martigny, Suisse<\/span> \u00a0<strong> <a href=\"\/\/maps.google.com?q=Salle+Du+Midi%2C+Rue+du+Simplon+4c%2C+1920+Martigny%2C+Suisse\" target=\"_blank\" ><\/strong><span style=\"color: #ec008c\">Afficher sur la carte<\/span><strong><\/a><\/strong><\/h5>\n<h3><div class=\"simcal-event-description\" itemprop=\"description\"><p><u><\/u><u><\/u><u><\/u><u><\/u><u><\/u>Le Spectacle d'Ouverture r\u00e9unit tous les ensembles invit\u00e9s au festival.&nbsp;\ud83e\udef6&nbsp;<u><\/u><br \/><u><\/u><br \/>\ud83c\udf0d Durant pr\u00e8s de deux heures et demi les coeurs du monde dansent, chantent et jouent.&nbsp;\ud83d\udc83\ud83e\ude98\ud83c\udfa4&nbsp;<u><\/u><br \/><u><\/u><br \/>\ud83e\udea9Dans un d\u00e9cor cr\u00e9\u00e9 pour le FIFO \u00e0 l'int\u00e9rieur de la Salle du Midi, ce spectacle s'adresse \u00e0 tous les amateurs de la d\u00e9couverte du globe \u00e0 domicile et dans une ambiance chaleureuse et festive.\ud83c\udf8a<u><\/u><br \/><u><\/u><br \/>\ud83c\udde8\ud83c\udded\ud83c\udde8\ud83c\uddff\ud83c\uddee\ud83c\uddf9\ud83c\uddf2\ud83c\udde9\ud83c\uddf2\ud83c\uddff\ud83c\uddf3\ud83c\uddf5\ud83c\uddf7\ud83c\uddf8<br \/>Vallensis Highlanders &nbsp;-&nbsp;Serbie -&nbsp;Italie -&nbsp;H\u00e9loHe\u00efdi -&nbsp;N\u00e9pal -&nbsp;R\u00e9publique tch\u00e8que -&nbsp;Zimbabwe -&nbsp;Moldavie&nbsp;<u><\/u><br \/><u><\/u><br \/>\ud83c\udf9f&nbsp;<a href=\"https:\/\/www.fifo.ch\/billetterie2022\/\"><u><u><u><u>Billetterie<\/u><\/u><\/u><\/u><\/a><br \/><u><\/u><u><\/u><u><\/u><u><\/u><u><\/u>Ouverture des portes 19h00<u><\/u><u><\/u><u><\/u>&nbsp;- Bar et Restauration&nbsp;<u><\/u><u><\/u><u><\/u><\/p>\n<\/div><\/h3><\/div>\n\t<\/li>\n<\/ul>\n\n<\/dd>\n\t<dt class=\"simcal-day-label\" style=\"border-bottom: 1px solid #ec008c;\" ><span style=\"background-color: #ec008c; color: #ffffff;\"><span class=\"simcal-date-format\" data-date-format=\"j F Y\">3 August 2022<\/span> <\/span><\/dt>\n<dd class=\"simcal-weekday-3 simcal-past simcal-day simcal-day-has-events simcal-day-has-1-events simcal-events-calendar-34423\" data-events-count=\"1\">\n\t<ul class=\"simcal-events\">\n\t<li class=\"simcal-event simcal-event-has-location simcal-events-calendar-34423\" style=\"\" itemscope itemtype=\"http:\/\/schema.org\/Event\" data-start=\"1659538800\">\n\t\t<div class=\"simcal-event-details\"><h1><strong><span class=\"simcal-event-start simcal-event-start-time\" data-event-start=\"1659538800\" data-event-format=\"G\\hi\" itemprop=\"startDate\" content=\"2022-08-03T17:00:00+02:00\">17h00<\/span> <span class=\"simcal-event-title\" itemprop=\"name\">Tradi&#039;place: Cours de danse Public - Zimbabwe<\/span><\/strong><\/h1>\n<h5> <span class=\"simcal-event-address simcal-event-start-location\" itemprop=\"location\" itemscope itemtype=\"http:\/\/schema.org\/Place\"><meta itemprop=\"name\" content=\"Place Centrale, Pl. Centrale, 1920 Martigny, Suisse\" \/><meta itemprop=\"address\" content=\"Place Centrale, Pl. Centrale, 1920 Martigny, Suisse\" \/>Place Centrale, Pl. Centrale, 1920 Martigny, Suisse<\/span> \u00a0<strong> <a href=\"\/\/maps.google.com?q=Place+Centrale%2C+Pl.+Centrale%2C+1920+Martigny%2C+Suisse\" target=\"_blank\" ><\/strong><span style=\"color: #ec008c\">Afficher sur la carte<\/span><strong><\/a><\/strong><\/h5>\n<h3><div class=\"simcal-event-description\" itemprop=\"description\"><p>\u2764\ufe0f\u200d\ud83d\udd25 Viens danser avec les troupes du FIFO. \ud83d\udc4f Connais et apprends une nouvelle culture.<br \/>\ud83c\udd93 Ouvert \u00e0 toutes et tous<\/p>\n<\/div><\/h3><\/div>\n\t<\/li>\n<\/ul>\n\n<\/dd>\n\t<dt class=\"simcal-day-label\" style=\"border-bottom: 1px solid #ec008c;\" ><span style=\"background-color: #ec008c; color: #ffffff;\"><span class=\"simcal-date-format\" data-date-format=\"j F Y\">4 August 2022<\/span> <\/span><\/dt>\n<dd class=\"simcal-weekday-4 simcal-past simcal-day simcal-day-has-events simcal-day-has-1-events simcal-events-calendar-34423\" data-events-count=\"1\">\n\t<ul class=\"simcal-events\">\n\t<li class=\"simcal-event simcal-event-has-location simcal-events-calendar-34423\" style=\"\" itemscope itemtype=\"http:\/\/schema.org\/Event\" data-start=\"1659630600\">\n\t\t<div class=\"simcal-event-details\"><h1><strong><span class=\"simcal-event-start simcal-event-start-time\" data-event-start=\"1659630600\" data-event-format=\"G\\hi\" itemprop=\"startDate\" content=\"2022-08-04T18:30:00+02:00\">18h30<\/span> <span class=\"simcal-event-title\" itemprop=\"name\">Tradi&#039;village: Animation Arbaz - Zimbabwe<\/span><\/strong><\/h1>\n<h5> <span class=\"simcal-event-address simcal-event-start-location\" itemprop=\"location\" itemscope itemtype=\"http:\/\/schema.org\/Place\"><meta itemprop=\"name\" content=\"Centre Scolaire d&#039;Arbaz, Rte du Village 11, 1974 Arbaz, Suisse\" \/><meta itemprop=\"address\" content=\"Centre Scolaire d&#039;Arbaz, Rte du Village 11, 1974 Arbaz, Suisse\" \/>Centre Scolaire d&#039;Arbaz, Rte du Village 11, 1974 Arbaz, Suisse<\/span> \u00a0<strong> <a href=\"\/\/maps.google.com?q=Centre+Scolaire+d%26%23039%3BArbaz%2C+Rte+du+Village+11%2C+1974+Arbaz%2C+Suisse\" target=\"_blank\" ><\/strong><span style=\"color: #ec008c\">Afficher sur la carte<\/span><strong><\/a><\/strong><\/h5>\n<h3><div class=\"simcal-event-description\" itemprop=\"description\"><p>\ud83d\udc83 \u00c7a danse en station. \ud83c\udfbf Le FIFO anime les Villages touristiques du Valais. \ud83c\udfd4<\/p>\n<\/div><\/h3><\/div>\n\t<\/li>\n<\/ul>\n\n<\/dd>\n\t<dt class=\"simcal-day-label\" style=\"border-bottom: 1px solid #ec008c;\" ><span style=\"background-color: #ec008c; color: #ffffff;\"><span class=\"simcal-date-format\" data-date-format=\"j F Y\">5 August 2022<\/span> <\/span><\/dt>\n<dd class=\"simcal-weekday-5 simcal-past simcal-day simcal-day-has-events simcal-day-has-1-events simcal-events-calendar-34423 simcal-day-has-events simcal-day-has-2-events simcal-events-calendar-34423\" data-events-count=\"2\">\n\t<ul class=\"simcal-events\">\n\t<li class=\"simcal-event simcal-event-has-location simcal-events-calendar-34423\" style=\"\" itemscope itemtype=\"http:\/\/schema.org\/Event\" data-start=\"1659691800\">\n\t\t<div class=\"simcal-event-details\"><h1><strong><span class=\"simcal-event-start simcal-event-start-time\" data-event-start=\"1659691800\" data-event-format=\"G\\hi\" itemprop=\"startDate\" content=\"2022-08-05T11:30:00+02:00\">11h30<\/span> <span class=\"simcal-event-title\" itemprop=\"name\">Tradi&#039;cine: Animation musicale - Zimbabwe<\/span><\/strong><\/h1>\n<h5> <span class=\"simcal-event-address simcal-event-start-location\" itemprop=\"location\" itemscope itemtype=\"http:\/\/schema.org\/Place\"><meta itemprop=\"name\" content=\"Piscine municipale, Rue du Forum 19, 1920 Martigny, Suisse\" \/><meta itemprop=\"address\" content=\"Piscine municipale, Rue du Forum 19, 1920 Martigny, Suisse\" \/>Piscine municipale, Rue du Forum 19, 1920 Martigny, Suisse<\/span> \u00a0<strong> <a href=\"\/\/maps.google.com?q=Piscine+municipale%2C+Rue+du+Forum+19%2C+1920+Martigny%2C+Suisse\" target=\"_blank\" ><\/strong><span style=\"color: #ec008c\">Afficher sur la carte<\/span><strong><\/a><\/strong><\/h5>\n<h3><div class=\"simcal-event-description\" itemprop=\"description\"><p>\ud83c\udf1e Soleil, ap\u00e9ro\ud83c\udf7b, terrasse et musique traditionnelle\ud83e\ude97. \ud83e\udd3f Alors direction la piscine de Martigny.&nbsp;Lien:&nbsp;<a href=\"http:\/\/www.chezfred.ch\"><u>Piscine de Martigny<\/u><\/a><u><\/u><\/p>\n<\/div><\/h3><\/div>\n\t<\/li>\n\t<li class=\"simcal-event simcal-event-has-location simcal-events-calendar-34423\" style=\"\" itemscope itemtype=\"http:\/\/schema.org\/Event\" data-start=\"1659722400\">\n\t\t<div class=\"simcal-event-details\"><h1><strong><span class=\"simcal-event-start simcal-event-start-time\" data-event-start=\"1659722400\" data-event-format=\"G\\hi\" itemprop=\"startDate\" content=\"2022-08-05T20:00:00+02:00\">20h00<\/span> <span class=\"simcal-event-title\" itemprop=\"name\">Spectacle de Gala<\/span><\/strong><\/h1>\n<h5> <span class=\"simcal-event-address simcal-event-start-location\" itemprop=\"location\" itemscope itemtype=\"http:\/\/schema.org\/Place\"><meta itemprop=\"name\" content=\"Salle Du Midi, Rue du Simplon 4c, 1920 Martigny, Suisse\" \/><meta itemprop=\"address\" content=\"Salle Du Midi, Rue du Simplon 4c, 1920 Martigny, Suisse\" \/>Salle Du Midi, Rue du Simplon 4c, 1920 Martigny, Suisse<\/span> \u00a0<strong> <a href=\"\/\/maps.google.com?q=Salle+Du+Midi%2C+Rue+du+Simplon+4c%2C+1920+Martigny%2C+Suisse\" target=\"_blank\" ><\/strong><span style=\"color: #ec008c\">Afficher sur la carte<\/span><strong><\/a><\/strong><\/h5>\n<h3><div class=\"simcal-event-description\" itemprop=\"description\"><p><u><\/u><u><\/u><u><\/u><u><\/u><u><\/u><u><\/u><u><\/u><u><\/u><u><\/u><u><\/u><u><\/u><u><\/u><u><\/u>Les battements&nbsp;\ud83d\udc9c pr\u00e9sent\u00e9s lors du spectacle d'ouverture t'ont permis de faire le choix qui r\u00e9pondra \u00e0 ta curiosit\u00e9 et tes go\u00fbts.&nbsp;Le FIFO te comblera en te proposant deux spectacles de gala.&nbsp;\ud83e\udef6 D\u00e9couvres, en d\u00e9tail, ton groupe pr\u00e9f\u00e9r\u00e9 dans son tableau de 30 minutes.<u><\/u><br \/><u><\/u><br \/>\ud83c\udde8\ud83c\udded\ud83c\udde8\ud83c\uddff\ud83c\udde8\ud83c\uddf1\ud83c\uddf2\ud83c\udde9\ud83c\uddf2\ud83c\uddff<br \/>H\u00e9loHe\u00efdi- Chili - R\u00e9publique tch\u00e8que - Zimbabwe - Moldavie<br \/><u><\/u><u><\/u><br \/>\ud83c\udf9f&nbsp;<a href=\"https:\/\/www.fifo.ch\/billetterie2022\/\"><u><u><u><u><u>Billetterie<\/u><\/u><\/u><\/u><\/u><\/a><br \/><u><\/u><u><\/u><u><\/u><u><\/u><u><\/u>Ouverture des portes 18h30 - Bar et Restauration&nbsp;<br \/><u><\/u><u><\/u><u><\/u><u><\/u><u><\/u><u><\/u><u><\/u><u><\/u><u><\/u><u><\/u><\/p>\n<\/div><\/h3><\/div>\n\t<\/li>\n<\/ul>\n\n<\/dd>\n\t<dt class=\"simcal-day-label\" style=\"border-bottom: 1px solid #ec008c;\" ><span style=\"background-color: #ec008c; color: #ffffff;\"><span class=\"simcal-date-format\" data-date-format=\"j F Y\">6 August 2022<\/span> <\/span><\/dt>\n<dd class=\"simcal-weekday-6 simcal-past simcal-day simcal-day-has-events simcal-day-has-1-events simcal-events-calendar-34423 simcal-day-has-events simcal-day-has-2-events simcal-events-calendar-34423\" data-events-count=\"2\">\n\t<ul class=\"simcal-events\">\n\t<li class=\"simcal-event simcal-event-has-location simcal-events-calendar-34423\" style=\"\" itemscope itemtype=\"http:\/\/schema.org\/Event\" data-start=\"1659789000\">\n\t\t<div class=\"simcal-event-details\"><h1><strong><span class=\"simcal-event-start simcal-event-start-time\" data-event-start=\"1659789000\" data-event-format=\"G\\hi\" itemprop=\"startDate\" content=\"2022-08-06T14:30:00+02:00\">14h30<\/span> <span class=\"simcal-event-title\" itemprop=\"name\">Grand Cort\u00e8ge Folklorique GRATUIT et Animation en ville<\/span><\/strong><\/h1>\n<h5> <span class=\"simcal-event-address simcal-event-start-location\" itemprop=\"location\" itemscope itemtype=\"http:\/\/schema.org\/Place\"><meta itemprop=\"name\" content=\"Martigny, Suisse\" \/><meta itemprop=\"address\" content=\"Martigny, Suisse\" \/>Martigny, Suisse<\/span> \u00a0<strong> <a href=\"\/\/maps.google.com?q=Martigny%2C+Suisse\" target=\"_blank\" ><\/strong><span style=\"color: #ec008c\">Afficher sur la carte<\/span><strong><\/a><\/strong><\/h5>\n<h3><div class=\"simcal-event-description\" itemprop=\"description\"><p><u><\/u><u><\/u><u><\/u><u><\/u><u><\/u><u><\/u>Plus de 350 artistes d\u00e9rouleront leurs cultures traditionnelles dans un Grand Cort\u00e8ge Folklorique Gratuit. La quinzaine de groupes se nourrira de vos applaudissements, venez en nombre pour cette grande communion de Paix. \ud83d\udd4a<br \/><u><\/u><br \/><u><\/u>Parcours du d\u00e9fil\u00e9: avenue de la Gare, Place Centrale, H\u00f4tel de Ville, avenue du Simplon, Salle du Midi<u><\/u><br \/><u><\/u><br \/>\ud83c\udde8\ud83c\udded\ud83c\udde8\ud83c\uddff\ud83c\uddea\ud83c\udde8\ud83c\uddee\ud83c\uddf9\ud83c\uddf2\ud83c\udde9\ud83c\uddf2\ud83c\uddff\ud83c\uddf3\ud83c\uddf5\ud83c\uddf7\ud83c\uddf8<br \/>Tambours d'Octodure -&nbsp;Chili-&nbsp;Zach\u00e9os &nbsp;-&nbsp;Serbie -&nbsp;La&nbsp;Comberintze - Italie -&nbsp;H\u00e9loHe\u00efdi -&nbsp;N\u00e9pal -&nbsp;Cor des Alpes de la Farandole - R\u00e9publique Tch\u00e8que -&nbsp;La&nbsp;Chanson de la Montagne de Nendaz - Moldavie -&nbsp;Vallensis Highlanders&nbsp;-&nbsp;Zimbabwe - Mokshu Lions<u><\/u><u><\/u><u><\/u><\/p>\n<\/div><\/h3><\/div>\n\t<\/li>\n\t<li class=\"simcal-event simcal-event-has-location simcal-events-calendar-34423\" style=\"\" itemscope itemtype=\"http:\/\/schema.org\/Event\" data-start=\"1659810600\">\n\t\t<div class=\"simcal-event-details\"><h1><strong><span class=\"simcal-event-start simcal-event-start-time\" data-event-start=\"1659810600\" data-event-format=\"G\\hi\" itemprop=\"startDate\" content=\"2022-08-06T20:30:00+02:00\">20h30<\/span> <span class=\"simcal-event-title\" itemprop=\"name\">Spectacle de Cl\u00f4ture<\/span><\/strong><\/h1>\n<h5> <span class=\"simcal-event-address simcal-event-start-location\" itemprop=\"location\" itemscope itemtype=\"http:\/\/schema.org\/Place\"><meta itemprop=\"name\" content=\"Salle Du Midi, Rue du Simplon 4c, 1920 Martigny, Suisse\" \/><meta itemprop=\"address\" content=\"Salle Du Midi, Rue du Simplon 4c, 1920 Martigny, Suisse\" \/>Salle Du Midi, Rue du Simplon 4c, 1920 Martigny, Suisse<\/span> \u00a0<strong> <a href=\"\/\/maps.google.com?q=Salle+Du+Midi%2C+Rue+du+Simplon+4c%2C+1920+Martigny%2C+Suisse\" target=\"_blank\" ><\/strong><span style=\"color: #ec008c\">Afficher sur la carte<\/span><strong><\/a><\/strong><\/h5>\n<h3><div class=\"simcal-event-description\" itemprop=\"description\"><p><u><\/u><u><\/u><u><\/u><u><\/u><u><\/u>\u2764\ufe0f\u200d\ud83d\udd25\ud83e\udde1\ud83d\udc9b\ud83d\udc9a\ud83d\udc99\ud83d\udc9c\ud83e\udd0e\ud83d\udda4\ud83e\udd0dLe grand battement de Coeur des Cultures Traditionnelles s'est propag\u00e9e dans tout le Valais et plus particuli\u00e8rement \u00e0 Martigny durant ces 5 derniers jours.&nbsp;<br \/>Les derniers pulsations s'entendront lors de notre spectacle de cl\u00f4ture.&nbsp;<br \/>Venez aider nos artistes \u00e0 propager encore plus loin ces couleurs de culture de paix et de non-violence.&nbsp;<u><\/u>\u2764\ufe0f\u200d\ud83d\udd25\ud83e\udde1\ud83d\udc9b\ud83d\udc9a\ud83d\udc99\ud83d\udc9c\ud83e\udd0e\ud83d\udda4\ud83e\udd0d<br \/><u><\/u><br \/><u><\/u><br \/><u><\/u>\ud83c\udde8\ud83c\udded\ud83c\udde8\ud83c\uddf1\ud83c\udde8\ud83c\uddff\ud83c\uddee\ud83c\uddf9\ud83c\uddf2\ud83c\udde9\ud83c\uddf2\ud83c\uddff\ud83c\uddf3\ud83c\uddf5\ud83c\uddf7\ud83c\uddf8<br \/>Vallensis Highlanders - Jeunes de la Comberintze et de la Chanson de la Montagne -&nbsp;Chili-&nbsp;Serbie -&nbsp;Italie -&nbsp;H\u00e9loHe\u00efdi -&nbsp;N\u00e9pal - Cor des Alpes de la Farandole - R\u00e9publique tch\u00e8que -&nbsp;Zimbabwe -&nbsp;Moldavie&nbsp;<u><\/u><br \/><u><\/u><br \/>\ud83c\udf9f&nbsp;<a href=\"https:\/\/www.fifo.ch\/billetterie2022\/\"><u><u><u><u>Billetterie<\/u><\/u><\/u><\/u><\/a><br \/><u><\/u><u><\/u><u><\/u><u><\/u><u><\/u>Ouverture des portes 18h30<u><\/u><u><\/u><u><\/u>&nbsp;- Bar et Restauration<br \/><u><\/u><u><\/u><u><\/u><u><\/u><u><\/u><u><\/u><u><\/u><u><\/u><\/p>\n<\/div><\/h3><\/div>\n\t<\/li>\n<\/ul>\n\n<\/dd>\n<\/dl><div class=\"simcal-ajax-loader simcal-spinner-top\" style=\"display: none;\"><i class=\"simcal-icon-spinner simcal-icon-spin\"><\/i><\/div><\/div><\/div>[\/et_pb_code][\/et_pb_column][\/et_pb_row][\/et_pb_section]<\/p>\n","protected":false},"excerpt":{"rendered":"<p>L&rsquo;ensemble a \u00e9t\u00e9 fond\u00e9 par celui qui est en son directeur\u00a0artistique, Monsieur Phibion NCUBE.\u00a0 L&rsquo;ensemble a \u00e9t\u00e9 fond\u00e9 par celui qui est en son directeur\u00a0artistique, Monsieur Phibion NCUBE.\u00a0 Son objectif \u00e9tait de promouvoir la culture de ce peuple\u00a0dans le monde entier et de pr\u00e9server ainsi ses traditions populaires. L\u2019expression artistique du groupe, sous toutes ses [&hellip;]<\/p>\n","protected":false},"author":1,"featured_media":33995,"comment_status":"open","ping_status":"open","sticky":false,"template":"","format":"standard","meta":{"_et_pb_use_builder":"on","_et_pb_old_content":"","_et_gb_content_width":"2880","footnotes":""},"categories":[6,40],"tags":[],"class_list":["post-33985","post","type-post","status-publish","format-standard","has-post-thumbnail","hentry","category-6","category-zimbabwe"],"_links":{"self":[{"href":"https:\/\/fifo.ch\/en\/wp-json\/wp\/v2\/posts\/33985","targetHints":{"allow":["GET"]}}],"collection":[{"href":"https:\/\/fifo.ch\/en\/wp-json\/wp\/v2\/posts"}],"about":[{"href":"https:\/\/fifo.ch\/en\/wp-json\/wp\/v2\/types\/post"}],"author":[{"embeddable":true,"href":"https:\/\/fifo.ch\/en\/wp-json\/wp\/v2\/users\/1"}],"replies":[{"embeddable":true,"href":"https:\/\/fifo.ch\/en\/wp-json\/wp\/v2\/comments?post=33985"}],"version-history":[{"count":15,"href":"https:\/\/fifo.ch\/en\/wp-json\/wp\/v2\/posts\/33985\/revisions"}],"predecessor-version":[{"id":34647,"href":"https:\/\/fifo.ch\/en\/wp-json\/wp\/v2\/posts\/33985\/revisions\/34647"}],"wp:featuredmedia":[{"embeddable":true,"href":"https:\/\/fifo.ch\/en\/wp-json\/wp\/v2\/media\/33995"}],"wp:attachment":[{"href":"https:\/\/fifo.ch\/en\/wp-json\/wp\/v2\/media?parent=33985"}],"wp:term":[{"taxonomy":"category","embeddable":true,"href":"https:\/\/fifo.ch\/en\/wp-json\/wp\/v2\/categories?post=33985"},{"taxonomy":"post_tag","embeddable":true,"href":"https:\/\/fifo.ch\/en\/wp-json\/wp\/v2\/tags?post=33985"}],"curies":[{"name":"wp","href":"https:\/\/api.w.org\/{rel}","templated":true}]}}