{"id":29560,"date":"2022-02-21T13:25:58","date_gmt":"2022-02-21T12:25:58","guid":{"rendered":"https:\/\/fifo2022.lacomberintze.ch\/?p=29560"},"modified":"2024-02-20T17:57:30","modified_gmt":"2024-02-20T16:57:30","slug":"suisse-valais-zacheos-2022","status":"publish","type":"post","link":"https:\/\/fifo.ch\/en\/suisse-valais-zacheos-2022\/","title":{"rendered":"Switzerland (Valais) \u2013 Zach\u00e9os"},"content":{"rendered":"\n[et_pb_section fb_built=\u00a0\u00bb1&Prime; fullwidth=\u00a0\u00bbon\u00a0\u00bb _builder_version=\u00a0\u00bb4.16&Prime; _module_preset=\u00a0\u00bbdefault\u00a0\u00bb global_colors_info=\u00a0\u00bb{}\u00a0\u00bb][et_pb_fullwidth_header title=\u00a0\u00bbSuisse (Valais)\u00a0\u00bb subhead=\u00a0\u00bbLes Zach\u00e9os\u00a0\u00bb header_scroll_down=\u00a0\u00bbon\u00a0\u00bb scroll_down_icon=\u00a0\u00bb%%8%%\u00a0\u00bb scroll_down_icon_color=\u00a0\u00bb#ec008c\u00a0\u00bb button_one_text=\u00a0\u00bbSite internet\u00a0\u00bb button_one_url=\u00a0\u00bbhttps:\/\/zacheos.ch\/\u00a0\u00bb button_two_text=\u00a0\u00bbFacebook\u00a0\u00bb button_two_url=\u00a0\u00bbhttps:\/\/facebook.com\/leszacheos\/\u00a0\u00bb header_image_url=\u00a0\u00bbhttps:\/\/fifo.ch\/wp-content\/uploads\/2024\/02\/FIFO-2024-zacheos-danseur-decoupe.png\u00a0\u00bb disabled_on=\u00a0\u00bbon|on|off\u00a0\u00bb _builder_version=\u00a0\u00bb4.24.1&Prime; _module_preset=\u00a0\u00bbdefault\u00a0\u00bb title_font=\u00a0\u00bb|700|||||||\u00a0\u00bb title_text_color=\u00a0\u00bb#ec008c\u00a0\u00bb title_font_size=\u00a0\u00bb38px\u00a0\u00bb title_letter_spacing=\u00a0\u00bb5px\u00a0\u00bb content_font=\u00a0\u00bb||||||||\u00a0\u00bb content_text_color=\u00a0\u00bb#ec008c\u00a0\u00bb content_letter_spacing=\u00a0\u00bb5px\u00a0\u00bb subhead_text_color=\u00a0\u00bb#ec008c\u00a0\u00bb subhead_font_size=\u00a0\u00bb23px\u00a0\u00bb subhead_letter_spacing=\u00a0\u00bb6px\u00a0\u00bb subhead_line_height=\u00a0\u00bb3em\u00a0\u00bb background_color=\u00a0\u00bb#FFFFFF\u00a0\u00bb background_image=\u00a0\u00bbhttps:\/\/fifo.ch\/wp-content\/uploads\/2022\/03\/FIFO-2022_suisse_entete_1.png\u00a0\u00bb background_position=\u00a0\u00bbtop_center\u00a0\u00bb custom_button_one=\u00a0\u00bbon\u00a0\u00bb button_one_text_size=\u00a0\u00bb30px\u00a0\u00bb button_one_text_color=\u00a0\u00bb#FFFFFF\u00a0\u00bb button_one_font=\u00a0\u00bb||||||||\u00a0\u00bb button_one_icon=\u00a0\u00bb&#x35;||divi||400&Prime; button_one_icon_color=\u00a0\u00bb#ec008c\u00a0\u00bb custom_button_two=\u00a0\u00bbon\u00a0\u00bb button_two_text_size=\u00a0\u00bb30px\u00a0\u00bb button_two_text_color=\u00a0\u00bb#FFFFFF\u00a0\u00bb button_two_icon=\u00a0\u00bb&#x35;||divi||400&Prime; button_two_icon_color=\u00a0\u00bb#ec008c\u00a0\u00bb custom_padding=\u00a0\u00bb50px|||||\u00a0\u00bb link_option_url_new_window=\u00a0\u00bbon\u00a0\u00bb hover_enabled=\u00a0\u00bb0&Prime; title_text_shadow_style=\u00a0\u00bbpreset2&Prime; title_text_shadow_blur_strength=\u00a0\u00bb0.26em\u00a0\u00bb title_text_shadow_color=\u00a0\u00bb#000000&Prime; content_text_shadow_style=\u00a0\u00bbpreset2&Prime; content_text_shadow_blur_strength=\u00a0\u00bb0.26em\u00a0\u00bb content_text_shadow_color=\u00a0\u00bb#000000&Prime; subhead_text_shadow_style=\u00a0\u00bbpreset2&Prime; subhead_text_shadow_blur_strength=\u00a0\u00bb0.26em\u00a0\u00bb subhead_text_shadow_color=\u00a0\u00bb#000000&Prime; locked=\u00a0\u00bboff\u00a0\u00bb global_colors_info=\u00a0\u00bb{}\u00a0\u00bb title_text=\u00a0\u00bbFIFO-2024-zacheos-danseur-decoupe\u00a0\u00bb sticky_enabled=\u00a0\u00bb0&Prime;]<h1 style=\"text-align: justify;\"><span style=\"color: #ec008c;\"><span style=\"font-size: x-large;\">Zach\u00e9os, ce nom aux racines anniviardes, tir\u00e9 d\u2019une l\u00e9gende, est celui du groupe\u00a0fond\u00e9 en 1962 par Madame Monette Daetwyler et Messieurs Jean Daetwyler et\u00a0L\u00e9on Monnier.<\/span><\/span><\/h1>\n<p><span style=\"color: #e02b20; font-size: x-large;\"><\/span><\/p>[\/et_pb_fullwidth_header][et_pb_fullwidth_header title=\u00a0\u00bbSuisse (Valais)\u00a0\u00bb subhead=\u00a0\u00bbLes Zach\u00e9os\u00a0\u00bb header_scroll_down=\u00a0\u00bbon\u00a0\u00bb scroll_down_icon=\u00a0\u00bb%%8%%\u00a0\u00bb scroll_down_icon_color=\u00a0\u00bb#ec008c\u00a0\u00bb button_one_text=\u00a0\u00bbSite internet\u00a0\u00bb button_one_url=\u00a0\u00bbhttps:\/\/zacheos.ch\/\u00a0\u00bb button_two_text=\u00a0\u00bbFacebook\u00a0\u00bb button_two_url=\u00a0\u00bbhttps:\/\/facebook.com\/leszacheos\/\u00a0\u00bb logo_image_url=\u00a0\u00bbhttps:\/\/fifo.ch\/wp-content\/uploads\/2024\/02\/FIFO-2024-zacheos-danseur-decoupe.png\u00a0\u00bb disabled_on=\u00a0\u00bboff|off|on\u00a0\u00bb _builder_version=\u00a0\u00bb4.24.1&Prime; _module_preset=\u00a0\u00bbdefault\u00a0\u00bb title_font=\u00a0\u00bb|700|||||||\u00a0\u00bb title_text_color=\u00a0\u00bb#ec008c\u00a0\u00bb title_font_size=\u00a0\u00bb38px\u00a0\u00bb title_letter_spacing=\u00a0\u00bb5px\u00a0\u00bb content_font=\u00a0\u00bb||||||||\u00a0\u00bb content_text_color=\u00a0\u00bb#ec008c\u00a0\u00bb content_letter_spacing=\u00a0\u00bb5px\u00a0\u00bb subhead_text_color=\u00a0\u00bb#ec008c\u00a0\u00bb subhead_font_size=\u00a0\u00bb23px\u00a0\u00bb subhead_letter_spacing=\u00a0\u00bb6px\u00a0\u00bb subhead_line_height=\u00a0\u00bb3em\u00a0\u00bb background_color=\u00a0\u00bb#FFFFFF\u00a0\u00bb background_image=\u00a0\u00bbhttps:\/\/fifo.ch\/wp-content\/uploads\/2022\/03\/FIFO-2022_suissee_entete_mob_1.png\u00a0\u00bb background_position=\u00a0\u00bbtop_center\u00a0\u00bb custom_button_one=\u00a0\u00bbon\u00a0\u00bb button_one_text_size=\u00a0\u00bb30px\u00a0\u00bb button_one_text_color=\u00a0\u00bb#FFFFFF\u00a0\u00bb button_one_font=\u00a0\u00bb||||||||\u00a0\u00bb button_one_icon=\u00a0\u00bb&#x35;||divi||400&Prime; button_one_icon_color=\u00a0\u00bb#ec008c\u00a0\u00bb custom_button_two=\u00a0\u00bbon\u00a0\u00bb button_two_text_size=\u00a0\u00bb30px\u00a0\u00bb button_two_text_color=\u00a0\u00bb#FFFFFF\u00a0\u00bb button_two_icon=\u00a0\u00bb&#x35;||divi||400&Prime; button_two_icon_color=\u00a0\u00bb#ec008c\u00a0\u00bb custom_padding=\u00a0\u00bb50px|||||\u00a0\u00bb link_option_url_new_window=\u00a0\u00bbon\u00a0\u00bb hover_enabled=\u00a0\u00bb0&Prime; title_text_shadow_style=\u00a0\u00bbpreset2&Prime; title_text_shadow_blur_strength=\u00a0\u00bb0.26em\u00a0\u00bb title_text_shadow_color=\u00a0\u00bb#000000&Prime; content_text_shadow_style=\u00a0\u00bbpreset2&Prime; content_text_shadow_blur_strength=\u00a0\u00bb0.26em\u00a0\u00bb content_text_shadow_color=\u00a0\u00bb#000000&Prime; subhead_text_shadow_style=\u00a0\u00bbpreset2&Prime; subhead_text_shadow_blur_strength=\u00a0\u00bb0.26em\u00a0\u00bb subhead_text_shadow_color=\u00a0\u00bb#000000&Prime; locked=\u00a0\u00bboff\u00a0\u00bb global_colors_info=\u00a0\u00bb{}\u00a0\u00bb title_text=\u00a0\u00bbFIFO-2024-zacheos-danseur-decoupe\u00a0\u00bb sticky_enabled=\u00a0\u00bb0&Prime;]<h3><span style=\"color: #ec008c;\"><span style=\"font-size: x-large;\">Zach\u00e9os, ce nom aux racines anniviardes, tir\u00e9 d\u2019une l\u00e9gende, est celui du groupe fond\u00e9 en 1962 par Madame Monette Daetwyler et Messieurs Jean Daetwyler et L\u00e9on Monnier<\/span><span style=\"font-size: x-large;\">.<\/span><\/span><\/h3>\n<p><span style=\"color: #e02b20; font-size: x-large;\"><\/span><\/p>[\/et_pb_fullwidth_header][\/et_pb_section][et_pb_section fb_built=\u00a0\u00bb1&Prime; specialty=\u00a0\u00bbon\u00a0\u00bb _builder_version=\u00a0\u00bb4.16&Prime; _module_preset=\u00a0\u00bbdefault\u00a0\u00bb bottom_divider_style=\u00a0\u00bbmountains2&Prime; bottom_divider_color=\u00a0\u00bb#ec008c\u00a0\u00bb bottom_divider_height=\u00a0\u00bb82px\u00a0\u00bb bottom_divider_flip=\u00a0\u00bbhorizontal\u00a0\u00bb locked=\u00a0\u00bboff\u00a0\u00bb global_colors_info=\u00a0\u00bb{}\u00a0\u00bb][et_pb_column type=\u00a0\u00bb1_2&Prime; _builder_version=\u00a0\u00bb4.16&Prime; custom_padding=\u00a0\u00bb|||\u00a0\u00bb global_colors_info=\u00a0\u00bb{}\u00a0\u00bb custom_padding__hover=\u00a0\u00bb|||\u00a0\u00bb][et_pb_text _builder_version=\u00a0\u00bb4.24.1&Prime; _module_preset=\u00a0\u00bbdefault\u00a0\u00bb text_letter_spacing=\u00a0\u00bb3px\u00a0\u00bb custom_margin=\u00a0\u00bb6px|||||\u00a0\u00bb hover_enabled=\u00a0\u00bb0&Prime; global_colors_info=\u00a0\u00bb{}\u00a0\u00bb sticky_enabled=\u00a0\u00bb0&Prime;]<blockquote>\n<p style=\"text-align: justify;\"><span style=\"font-size: large;\">Depuis, les Zach\u00e9os ont v\u00e9cu plus de 60 ans de culture traditionnelle\u00a0au travers des participations \u00e0 des Festivals Internationaux dans le monde et la co-organisation du FIFO depuis 1986.<br \/><\/span><\/p>\n<\/blockquote>\n<p style=\"text-align: justify;\"><span style=\"font-size: large;\">Puiser dans les racines valaisannes pour redonner une image la plus fid\u00e8le possible\u00a0d\u2019un Valais actuel, voici la mission des Zach\u00e9os. L\u2019Ensemble a \u00e9t\u00e9 cr\u00e9\u00e9 pour \u00eatre le\u00a0lien entre le pass\u00e9 et le futur. Pour r\u00e9aliser cette option, il faut transposer\u00a0sc\u00e9niquement les l\u00e9gendes, les coutumes et les faits historiques pour garder la dose d\u2019\u00e9motion n\u00e9cessaire et replacer chaque \u00e9v\u00e9nement dans son contexte.<\/span><\/p>\n<p style=\"text-align: justify;\"><span style=\"font-size: large;\">Que ce soit au travers des tableaux des masques, des mercenaires, de la noce, de la\u00a0Matze ou des sc\u00e8nes de vie paysanne, les Zach\u00e9os communiquent leur joie de\u00a0danser et de partager leurs diff\u00e9rences culturelles avec les autres ensembles.<\/span><\/p>\n<p style=\"text-align: justify;\"><span style=\"font-size: large;\">Du FIFO \u00e0 la Pologne en passant par le Canada, la Bulgarie ou de nombreux autres\u00a0pays, les Zach\u00e9os perp\u00e9tuent une d\u00e9marche culturelle bas\u00e9e sur la recherche, la\u00a0cr\u00e9ation et la formation. Maintenir un Ensemble de qualit\u00e9 artistique digne de la ligne\u00a0directrice donn\u00e9e par les fondateurs, voil\u00e0 l\u2019\u00e9tat d\u2019esprit des responsables actuels de\u00a0ce groupe toujours pr\u00e9sent au FIFO.<\/span><\/p>[\/et_pb_text][\/et_pb_column][et_pb_column type=\u00a0\u00bb1_2&Prime; specialty_columns=\u00a0\u00bb2&Prime; _builder_version=\u00a0\u00bb4.16&Prime; custom_padding=\u00a0\u00bb|||\u00a0\u00bb global_colors_info=\u00a0\u00bb{}\u00a0\u00bb custom_padding__hover=\u00a0\u00bb|||\u00a0\u00bb][et_pb_row_inner column_structure=\u00a0\u00bb1_2,1_2&Prime; _builder_version=\u00a0\u00bb4.16&Prime; _module_preset=\u00a0\u00bbdefault\u00a0\u00bb global_colors_info=\u00a0\u00bb{}\u00a0\u00bb][et_pb_column_inner type=\u00a0\u00bb1_2&Prime; saved_specialty_column_type=\u00a0\u00bb1_2&Prime; _builder_version=\u00a0\u00bb4.16&Prime; _module_preset=\u00a0\u00bbdefault\u00a0\u00bb global_colors_info=\u00a0\u00bb{}\u00a0\u00bb][et_pb_button button_url=\u00a0\u00bb#agzacheos\u00a0\u00bb button_text=\u00a0\u00bbAGENDA\u00a0\u00bb _builder_version=\u00a0\u00bb4.17.0&Prime; _module_preset=\u00a0\u00bbdefault\u00a0\u00bb global_colors_info=\u00a0\u00bb{}\u00a0\u00bb][\/et_pb_button][\/et_pb_column_inner][et_pb_column_inner type=\u00a0\u00bb1_2&Prime; saved_specialty_column_type=\u00a0\u00bb1_2&Prime; _builder_version=\u00a0\u00bb4.16&Prime; _module_preset=\u00a0\u00bbdefault\u00a0\u00bb global_colors_info=\u00a0\u00bb{}\u00a0\u00bb][et_pb_button button_url=\u00a0\u00bbhttps:\/\/www.fifo.ch\/billetterie2022\/\u00a0\u00bb button_text=\u00a0\u00bbBILLETTERIE\u00a0\u00bb _builder_version=\u00a0\u00bb4.17.0&Prime; _module_preset=\u00a0\u00bbdefault\u00a0\u00bb custom_button=\u00a0\u00bbon\u00a0\u00bb button_text_color=\u00a0\u00bb#FFFFFF\u00a0\u00bb button_bg_color=\u00a0\u00bb#ec008c\u00a0\u00bb button_border_color=\u00a0\u00bb#ec008c\u00a0\u00bb button_icon_color=\u00a0\u00bb#FFFFFF\u00a0\u00bb global_colors_info=\u00a0\u00bb{}\u00a0\u00bb][\/et_pb_button][\/et_pb_column_inner][\/et_pb_row_inner][et_pb_row_inner _builder_version=\u00a0\u00bb4.16&Prime; _module_preset=\u00a0\u00bbdefault\u00a0\u00bb global_colors_info=\u00a0\u00bb{}\u00a0\u00bb][et_pb_column_inner saved_specialty_column_type=\u00a0\u00bb1_2&Prime; _builder_version=\u00a0\u00bb4.16&Prime; _module_preset=\u00a0\u00bbdefault\u00a0\u00bb global_colors_info=\u00a0\u00bb{}\u00a0\u00bb][et_pb_video_slider _builder_version=\u00a0\u00bb4.16&Prime; _module_preset=\u00a0\u00bbdefault\u00a0\u00bb global_colors_info=\u00a0\u00bb{}\u00a0\u00bb][et_pb_video_slider_item src=\u00a0\u00bbhttps:\/\/youtu.be\/HbwKUUpcakU\u00a0\u00bb _builder_version=\u00a0\u00bb4.14.7&Prime; _module_preset=\u00a0\u00bbdefault\u00a0\u00bb global_colors_info=\u00a0\u00bb{}\u00a0\u00bb show_image_overlay=\u00a0\u00bboff\u00a0\u00bb][\/et_pb_video_slider_item][\/et_pb_video_slider][et_pb_gallery gallery_ids=\u00a0\u00bb33129,33177,33658,33135&Prime; gallery_orderby=\u00a0\u00bbrand\u00a0\u00bb show_title_and_caption=\u00a0\u00bboff\u00a0\u00bb _builder_version=\u00a0\u00bb4.16&Prime; _module_preset=\u00a0\u00bbdefault\u00a0\u00bb global_colors_info=\u00a0\u00bb{}\u00a0\u00bb][\/et_pb_gallery][et_pb_gallery gallery_ids=\u00a0\u00bb3295,553,222,54&Prime; gallery_orderby=\u00a0\u00bbrand\u00a0\u00bb show_title_and_caption=\u00a0\u00bboff\u00a0\u00bb _builder_version=\u00a0\u00bb4.16&Prime; _module_preset=\u00a0\u00bbdefault\u00a0\u00bb global_colors_info=\u00a0\u00bb{}\u00a0\u00bb][\/et_pb_gallery][et_pb_button button_url=\u00a0\u00bbhttps:\/\/www.instagram.com\/leszacheos\/\u00a0\u00bb url_new_window=\u00a0\u00bbon\u00a0\u00bb button_text=\u00a0\u00bbInstagram\u00a0\u00bb _builder_version=\u00a0\u00bb4.16&Prime; _module_preset=\u00a0\u00bbdefault\u00a0\u00bb global_colors_info=\u00a0\u00bb{}\u00a0\u00bb][\/et_pb_button][\/et_pb_column_inner][\/et_pb_row_inner][\/et_pb_column][\/et_pb_section][et_pb_section fb_built=\u00a0\u00bb1&Prime; fullwidth=\u00a0\u00bbon\u00a0\u00bb disabled_on=\u00a0\u00bboff|off|off\u00a0\u00bb _builder_version=\u00a0\u00bb4.16&Prime; _module_preset=\u00a0\u00bbdefault\u00a0\u00bb bottom_divider_color=\u00a0\u00bb#ec008c\u00a0\u00bb global_colors_info=\u00a0\u00bb{}\u00a0\u00bb][et_pb_fullwidth_post_slider include_categories=\u00a0\u00bb57&Prime; orderby=\u00a0\u00bbrand\u00a0\u00bb excerpt_length=\u00a0\u00bb150&Prime; show_meta=\u00a0\u00bboff\u00a0\u00bb show_image_video_mobile=\u00a0\u00bbon\u00a0\u00bb _builder_version=\u00a0\u00bb4.24.1&Prime; _module_preset=\u00a0\u00bbdefault\u00a0\u00bb background_color=\u00a0\u00bbRGBA(255,255,255,0)\u00a0\u00bb background_enable_image=\u00a0\u00bboff\u00a0\u00bb custom_button=\u00a0\u00bbon\u00a0\u00bb button_icon_color=\u00a0\u00bb#EC008C\u00a0\u00bb hover_enabled=\u00a0\u00bb0&Prime; global_colors_info=\u00a0\u00bb{}\u00a0\u00bb sticky_enabled=\u00a0\u00bb0&Prime;][\/et_pb_fullwidth_post_slider][\/et_pb_section][et_pb_section fb_built=\u00a0\u00bb1&Prime; fullwidth=\u00a0\u00bbon\u00a0\u00bb disabled_on=\u00a0\u00bboff|off|on\u00a0\u00bb _builder_version=\u00a0\u00bb4.16&Prime; _module_preset=\u00a0\u00bbdefault\u00a0\u00bb bottom_divider_color=\u00a0\u00bb#ec008c\u00a0\u00bb global_colors_info=\u00a0\u00bb{}\u00a0\u00bb][\/et_pb_section][et_pb_section fb_built=\u00a0\u00bb1&Prime; module_id=\u00a0\u00bbagzacheos\u00a0\u00bb _builder_version=\u00a0\u00bb4.17.0&Prime; _module_preset=\u00a0\u00bbdefault\u00a0\u00bb hover_enabled=\u00a0\u00bb0&Prime; global_colors_info=\u00a0\u00bb{}\u00a0\u00bb sticky_enabled=\u00a0\u00bb0&Prime;][et_pb_row _builder_version=\u00a0\u00bb4.17.0&Prime; _module_preset=\u00a0\u00bbdefault\u00a0\u00bb global_colors_info=\u00a0\u00bb{}\u00a0\u00bb][et_pb_column type=\u00a0\u00bb4_4&Prime; _builder_version=\u00a0\u00bb4.17.0&Prime; _module_preset=\u00a0\u00bbdefault\u00a0\u00bb global_colors_info=\u00a0\u00bb{}\u00a0\u00bb][et_pb_code _builder_version=\u00a0\u00bb4.17.0&Prime; _module_preset=\u00a0\u00bbdefault\u00a0\u00bb hover_enabled=\u00a0\u00bb0&Prime; global_colors_info=\u00a0\u00bb{}\u00a0\u00bb sticky_enabled=\u00a0\u00bb0&Prime;]<div class=\"simcal-calendar simcal-default-calendar simcal-default-calendar-list simcal-default-calendar-light\" data-calendar-id=\"34429\" data-timezone=\"Europe\/Zurich\" data-offset=\"7200\" data-week-start=\"1\" data-calendar-start=\"1722117600\" data-calendar-end=\"1722692700\" data-events-first=\"1722682800\" data-events-last=\"1722692700\"><div class=\"simcal-calendar-list \"><dl class=\"simcal-events-list-container\" data-prev=\"1721512800\" data-next=\"1722722400\" data-heading-small=\"3 August 2024\" data-heading-large=\"3 August 2024\">\t<dt class=\"simcal-day-label\" style=\"border-bottom: 1px solid #ec008c;\" ><span style=\"background-color: #ec008c; color: #ffffff;\"><span class=\"simcal-date-format\" data-date-format=\"j F Y\">3 August 2024<\/span> <\/span><\/dt>\n<dd class=\"simcal-weekday-6 simcal-past simcal-day simcal-day-has-events simcal-day-has-1-events simcal-events-calendar-34429 simcal-day-has-events simcal-day-has-2-events simcal-events-calendar-34429\" data-events-count=\"2\">\n\t<ul class=\"simcal-events\">\n\t<li class=\"simcal-event simcal-event-has-location simcal-events-calendar-34429\" style=\"\" itemscope itemtype=\"http:\/\/schema.org\/Event\" data-start=\"1722682800\">\n\t\t<div class=\"simcal-event-details\"><h1><strong><span class=\"simcal-event-start simcal-event-start-time\" data-event-start=\"1722682800\" data-event-format=\"G\\hi\" itemprop=\"startDate\" content=\"2024-08-03T13:00:00+02:00\">13h00<\/span> <span class=\"simcal-event-title\" itemprop=\"name\">Animation avant Cort\u00e8ge GRATUIT<\/span><\/strong><\/h1>\n<h5> <span class=\"simcal-event-address simcal-event-start-location\" itemprop=\"location\" itemscope itemtype=\"http:\/\/schema.org\/Place\"><meta itemprop=\"name\" content=\"Martigny, Suisse\" \/><meta itemprop=\"address\" content=\"Martigny, Suisse\" \/>Martigny, Suisse<\/span> \u00a0<strong> <a href=\"\/\/maps.google.com?q=Martigny%2C+Suisse\" target=\"_blank\" ><\/strong><span style=\"color: #ec008c\">Afficher sur la carte<\/span><strong><\/a><\/strong><\/h5>\n<h3><div class=\"simcal-event-description\" itemprop=\"description\"><p>Journ\u00e9e\u00a0<u><a href=\"http:\/\/www.cioff.ch\"><u><u>CIOFF Suisse<\/u><\/u><\/a><\/u>\u00a0\ud83c\udd93<br \/>Plus de 600 artistes d\u00e9rouleront leurs cultures traditionnelles dans un Grand Cort\u00e8ge Folklorique Gratuit. La vingtaine de groupes se nourrira de vos applaudissements, venez en nombre pour cette grande communion de Paix. \ud83d\udd4a\ufe0f<br \/><u><\/u><br \/>\ud83c\udde8\ud83c\udded \ud83c\uddf9\ud83c\uddff \ud83c\uddf3\ud83c\udde8 \ud83c\uddf5\ud83c\uddf9 \ud83c\udde8\ud83c\uddf4 \ud83c\uddeb\ud83c\uddf7 \ud83c\udde7\ud83c\uddec \ud83c\uddfa\ud83c\uddf8<br \/>Tanzanie - Nouvelle-Cal\u00e9donie - Portugal - Colombie - France - Bulgarie - USA<br \/>Tambours d'Octodure -\u00a0Zach\u00e9os -\u00a0La\u00a0Comberintze -\u00a0La\u00a0Chanson de la Montagne de Nendaz - Mokshu Lions - Li Rondenia - Harmonie municipale de Martigny - L\u00e8 R\u00e9ch\u00e8tte - L'Arbarintze - Les Tri'Vzin - Le Vieux-Salvan - Swiss-Folk-Arts \"R\u00f6schtigrabe\" - Fifres et Tambours de St-Luc - L\u00e8 Mayintson - Ej'Ecochyoe\u00fc de Ninda - Trachtengruppe D\u00fcdingen - L'Arc-en-Ciel d'Evol\u00e8ne<\/p>\n<\/div><\/h3><\/div>\n\t<\/li>\n\t<li class=\"simcal-event simcal-event-has-location simcal-events-calendar-34429\" style=\"\" itemscope itemtype=\"http:\/\/schema.org\/Event\" data-start=\"1722687300\">\n\t\t<div class=\"simcal-event-details\"><h1><strong><span class=\"simcal-event-start simcal-event-start-time\" data-event-start=\"1722687300\" data-event-format=\"G\\hi\" itemprop=\"startDate\" content=\"2024-08-03T14:15:00+02:00\">14h15<\/span> <span class=\"simcal-event-title\" itemprop=\"name\">Grand Cort\u00e8ge Folklorique GRATUIT<\/span><\/strong><\/h1>\n<h5> <span class=\"simcal-event-address simcal-event-start-location\" itemprop=\"location\" itemscope itemtype=\"http:\/\/schema.org\/Place\"><meta itemprop=\"name\" content=\"Martigny, Suisse\" \/><meta itemprop=\"address\" content=\"Martigny, Suisse\" \/>Martigny, Suisse<\/span> \u00a0<strong> <a href=\"\/\/maps.google.com?q=Martigny%2C+Suisse\" target=\"_blank\" ><\/strong><span style=\"color: #ec008c\">Afficher sur la carte<\/span><strong><\/a><\/strong><\/h5>\n<h3><div class=\"simcal-event-description\" itemprop=\"description\"><p>Journ\u00e9e\u00a0<u><a href=\"http:\/\/www.cioff.ch\">CIOFF Suisse<\/a><\/u>\u00a0\ud83c\udd93<br \/>Plus de 600 artistes d\u00e9rouleront leurs cultures traditionnelles dans un Grand Cort\u00e8ge Folklorique Gratuit. La vingtaine de groupes se nourrira de vos applaudissements, venez en nombre pour cette grande communion de Paix. \ud83d\udd4a\ufe0f<br \/><u><\/u><br \/><u><\/u>Parcours du d\u00e9fil\u00e9: avenue de la Gare, Place Centrale, H\u00f4tel de Ville, Amphith\u00e9\u00e2tre<br \/><u><\/u><br \/>\ud83c\udde8\ud83c\udded \ud83c\uddf9\ud83c\uddff \ud83c\uddf3\ud83c\udde8 \ud83c\uddf5\ud83c\uddf9 \ud83c\udde8\ud83c\uddf4 \ud83c\uddeb\ud83c\uddf7 \ud83c\udde7\ud83c\uddec \ud83c\uddfa\ud83c\uddf8<br \/>Tanzanie - Nouvelle-Cal\u00e9donie - Portugal - Colombie - France - Bulgarie - USA<br \/>Tambours d'Octodure -\u00a0Zach\u00e9os -\u00a0La\u00a0Comberintze -\u00a0La\u00a0Chanson de la Montagne de Nendaz - Mokshu Lions - Li Rondenia - Harmonie municipale de Martigny - L\u00e8 R\u00e9ch\u00e8tte - L'Arbarintze - Les Tri'Vzin - Le Vieux-Salvan - Swiss-Folk-Arts \"R\u00f6schtigrabe\" - Fifres et Tambours de St-Luc - L\u00e8 Mayintson - Ej'Ecochyoe\u00fc de Ninda - Trachtengruppe D\u00fcdingen - L'Arc-en-Ciel d'Evol\u00e8ne<\/p>\n<\/div><\/h3><\/div>\n\t<\/li>\n<\/ul>\n\n<\/dd>\n<\/dl><div class=\"simcal-ajax-loader simcal-spinner-top\" style=\"display: none;\"><i class=\"simcal-icon-spinner simcal-icon-spin\"><\/i><\/div><\/div><\/div>[\/et_pb_code][\/et_pb_column][\/et_pb_row][\/et_pb_section]\n","protected":false},"excerpt":{"rendered":"<p>Zach\u00e9os, ce nom aux racines anniviardes, tir\u00e9 d\u2019une l\u00e9gende, est celui du groupe\u00a0fond\u00e9 en 1962 par Madame Monette Daetwyler et Messieurs Jean Daetwyler et\u00a0L\u00e9on Monnier. Zach\u00e9os, ce nom aux racines anniviardes, tir\u00e9 d\u2019une l\u00e9gende, est celui du groupe fond\u00e9 en 1962 par Madame Monette Daetwyler et Messieurs Jean Daetwyler et L\u00e9on Monnier. Depuis, les Zach\u00e9os [&hellip;]<\/p>\n","protected":false},"author":1,"featured_media":33595,"comment_status":"closed","ping_status":"closed","sticky":false,"template":"","format":"standard","meta":{"_et_pb_use_builder":"on","_et_pb_old_content":"","_et_gb_content_width":"2880","footnotes":""},"categories":[57,67],"tags":[],"class_list":["post-29560","post","type-post","status-publish","format-standard","has-post-thumbnail","hentry","category-57","category-suisse-2024-2"],"_links":{"self":[{"href":"https:\/\/fifo.ch\/en\/wp-json\/wp\/v2\/posts\/29560","targetHints":{"allow":["GET"]}}],"collection":[{"href":"https:\/\/fifo.ch\/en\/wp-json\/wp\/v2\/posts"}],"about":[{"href":"https:\/\/fifo.ch\/en\/wp-json\/wp\/v2\/types\/post"}],"author":[{"embeddable":true,"href":"https:\/\/fifo.ch\/en\/wp-json\/wp\/v2\/users\/1"}],"replies":[{"embeddable":true,"href":"https:\/\/fifo.ch\/en\/wp-json\/wp\/v2\/comments?post=29560"}],"version-history":[{"count":20,"href":"https:\/\/fifo.ch\/en\/wp-json\/wp\/v2\/posts\/29560\/revisions"}],"predecessor-version":[{"id":35386,"href":"https:\/\/fifo.ch\/en\/wp-json\/wp\/v2\/posts\/29560\/revisions\/35386"}],"wp:featuredmedia":[{"embeddable":true,"href":"https:\/\/fifo.ch\/en\/wp-json\/wp\/v2\/media\/33595"}],"wp:attachment":[{"href":"https:\/\/fifo.ch\/en\/wp-json\/wp\/v2\/media?parent=29560"}],"wp:term":[{"taxonomy":"category","embeddable":true,"href":"https:\/\/fifo.ch\/en\/wp-json\/wp\/v2\/categories?post=29560"},{"taxonomy":"post_tag","embeddable":true,"href":"https:\/\/fifo.ch\/en\/wp-json\/wp\/v2\/tags?post=29560"}],"curies":[{"name":"wp","href":"https:\/\/api.w.org\/{rel}","templated":true}]}}